{"id":12683,"date":"2025-11-05T19:45:42","date_gmt":"2025-11-05T22:45:42","guid":{"rendered":"https:\/\/hdpnoticias.com.ar\/?p=12683"},"modified":"2025-11-05T19:45:44","modified_gmt":"2025-11-05T22:45:44","slug":"caso-cecilia-expusieron-videos-de-los-movimientos-en-la-casa-de-los-sena","status":"publish","type":"post","link":"https:\/\/hdpnoticias.com.ar\/?p=12683","title":{"rendered":"Caso Cecilia: expusieron videos de los movimientos en la casa de los Sena"},"content":{"rendered":"\n<figure class=\"wp-block-image size-full\"><img loading=\"lazy\" decoding=\"async\" width=\"720\" height=\"90\" src=\"http:\/\/hdpnoticias.com.ar\/wp-content\/uploads\/2024\/05\/Copy-of-720x90-1.gif\" alt=\"\" class=\"wp-image-6806\"\/><\/figure>\n\n\n\n<p>En otra jornada del juicio por jurado que enfrente el Clan Sena por el femicidio de Cecilia Strzyzowsk, este mi\u00e9rcoles fueron expuestos en la audiencia videos captados por la c\u00e1mara de seguridad de una vivienda vecina, que camp\u00f3 el movimiento en la casa de Santa Mar\u00eda de Oro 1460, donde se cree que ocurri\u00f3 el crimen.<\/p>\n\n\n\n<p>En el banquillo est\u00e1n C\u00e9sar Sena, imputado de autor, y sus padres los dirigentes sociales Emerenciano Sena y Marcela Acu\u00f1a, como part\u00edcipes primarios, m\u00e1s 2 parejas de colaboradores de la familia: Gustavo Melgareno y Fabiana Gonz\u00e1lez, y Gustavo Melgarejo y Griselda Reynoso.<\/p>\n\n\n\n<p>Buena parte de las grabaciones ya hab\u00edan sido publicadas por medios de comunicaci\u00f3n, principalmente aquella que result\u00f3 la \u00faltima imagen de Cecilia, en la que se la ve descender de la camioneta de C\u00e9sar , conducida por \u00e9ste, el 2 de junio de 2023 alrededor de las 9.<\/p>\n\n\n\n<p>La imputaci\u00f3n relata que hab\u00edan pasado la noche en un hotel c\u00e9ntrico, listos para el vieja a Ushuaia, adonde iban por una propuesta laboral para la joven, gestionada por Marcela Acu\u00f1a.<\/p>\n\n\n\n<p>Se observa tambi\u00e9n la salida de Emerenciano Sena, en su camioneta, y la de Acu\u00f1a, en rem\u00eds, presumiblemente rumbo al bario Emerenciano, y el regreso de ambos al mediod\u00eda. Y volvieron a salir, esta vez juntos, minutos despu\u00e9s de las 17.<\/p>\n\n\n\n<p>Poco despu\u00e9s arrib\u00f3 Obreg\u00f3n en su autom\u00f3vil y tras ingresar a la casa volvi\u00f3 a la vereda haciendo gestos de preocupaci\u00f3n. Minutos m\u00e1s tarde lleg\u00f3 Gonz\u00e1lez, en moto, con la que mantuvo un di\u00e1logo, acompa\u00f1ado con gestos exagerados.<\/p>\n\n\n\n<p>Al atardecer se aprecia la maniobra en la que C\u00e9sar ingresa su camioneta retrocediendo y cargan con Obreg\u00f3n un bulto al que cubren con otras bolsas. Despu\u00e9s se retiran en sendos veh\u00edculos. Seg\u00fan los fiscales, el bulto era el cad\u00e1ver de Cecilia que trasladaron a la chancher\u00eda de los Sena en Campo Rossi, para incinerarlos con la asistencia de la pareja de cuidadores: Reynoso y Melgarejo.<\/p>\n\n\n\n<p><strong>Los muebles donados<\/strong><\/p>\n\n\n\n<p>Peritos policiales analizaron las grabaciones de la misma c\u00e1mara de seguridad en varios momentos claves durante los siguientes 8 d\u00edas. As\u00ed pudieron precisar el traslado de los muebles que Marcela don\u00f3 a una familia del barrio Emerenciano. En aquel momento se orden\u00f3 otro allanamiento, entendiendo que hab\u00edan sido retirados de la escena del crimen, y en ellos hallaron manchas de sangre que resultaron compatibles con el ADN de Gloria Romero, madre de Cecilia, por lo que se presume que correspond\u00edan a \u00e9sta.<\/p>\n\n\n\n<p><strong>La c\u00e1mara indiscreta<\/strong><\/p>\n\n\n\n<p>En el transcurso de la investigaci\u00f3n de la desaparici\u00f3n de Cecilia, se supo que la c\u00e1mara que termin\u00f3 convirti\u00e9ndose en un testigo fundamental, estaba ah\u00ed casi de casualidad, y su presencia era ignorada por la familia Sena.<\/p>\n\n\n\n<p>El aparado hab\u00eda sido instalado por la vecina como medida de seguridad para auxiliar a un familiar al que le hab\u00eda encargado el cuidado de su vivienda porque planeaba ausentarse algunos d\u00edas.<\/p>\n","protected":false},"excerpt":{"rendered":"<p>En otra jornada del juicio por jurado que enfrente el Clan Sena por el femicidio de Cecilia Strzyzowsk, este mi\u00e9rcoles fueron expuestos en la audiencia videos captados por la c\u00e1mara de seguridad de una vivienda vecina, que camp\u00f3 el movimiento en la casa de Santa Mar\u00eda de Oro 1460, donde se cree que ocurri\u00f3 el [&hellip;]<\/p>\n","protected":false},"author":1,"featured_media":12684,"comment_status":"open","ping_status":"open","sticky":false,"template":"","format":"standard","meta":{"footnotes":""},"categories":[26],"tags":[1813,1812,37,1825,2012,793,409,798],"class_list":["post-12683","post","type-post","status-publish","format-standard","has-post-thumbnail","hentry","category-policiales","tag-cecilia","tag-cesar","tag-chaco","tag-chancheria","tag-clan","tag-emerenciano","tag-femicidio","tag-sena"],"_links":{"self":[{"href":"https:\/\/hdpnoticias.com.ar\/index.php?rest_route=\/wp\/v2\/posts\/12683","targetHints":{"allow":["GET"]}}],"collection":[{"href":"https:\/\/hdpnoticias.com.ar\/index.php?rest_route=\/wp\/v2\/posts"}],"about":[{"href":"https:\/\/hdpnoticias.com.ar\/index.php?rest_route=\/wp\/v2\/types\/post"}],"author":[{"embeddable":true,"href":"https:\/\/hdpnoticias.com.ar\/index.php?rest_route=\/wp\/v2\/users\/1"}],"replies":[{"embeddable":true,"href":"https:\/\/hdpnoticias.com.ar\/index.php?rest_route=%2Fwp%2Fv2%2Fcomments&post=12683"}],"version-history":[{"count":1,"href":"https:\/\/hdpnoticias.com.ar\/index.php?rest_route=\/wp\/v2\/posts\/12683\/revisions"}],"predecessor-version":[{"id":12685,"href":"https:\/\/hdpnoticias.com.ar\/index.php?rest_route=\/wp\/v2\/posts\/12683\/revisions\/12685"}],"wp:featuredmedia":[{"embeddable":true,"href":"https:\/\/hdpnoticias.com.ar\/index.php?rest_route=\/wp\/v2\/media\/12684"}],"wp:attachment":[{"href":"https:\/\/hdpnoticias.com.ar\/index.php?rest_route=%2Fwp%2Fv2%2Fmedia&parent=12683"}],"wp:term":[{"taxonomy":"category","embeddable":true,"href":"https:\/\/hdpnoticias.com.ar\/index.php?rest_route=%2Fwp%2Fv2%2Fcategories&post=12683"},{"taxonomy":"post_tag","embeddable":true,"href":"https:\/\/hdpnoticias.com.ar\/index.php?rest_route=%2Fwp%2Fv2%2Ftags&post=12683"}],"curies":[{"name":"wp","href":"https:\/\/api.w.org\/{rel}","templated":true}]}}