{"id":12606,"date":"2025-10-31T21:18:25","date_gmt":"2025-11-01T00:18:25","guid":{"rendered":"https:\/\/hdpnoticias.com.ar\/?p=12606"},"modified":"2025-10-31T21:18:27","modified_gmt":"2025-11-01T00:18:27","slug":"juicio-al-clan-sena-defensores-ponen-en-duda-la-muerte-de-cecilia","status":"publish","type":"post","link":"https:\/\/hdpnoticias.com.ar\/?p=12606","title":{"rendered":"Juicio al Clan Sena: defensores ponen en duda la muerte de Cecilia"},"content":{"rendered":"\n<figure class=\"wp-block-image size-full\"><img loading=\"lazy\" decoding=\"async\" width=\"728\" height=\"90\" src=\"http:\/\/hdpnoticias.com.ar\/wp-content\/uploads\/2024\/05\/Nachec.gif\" alt=\"\" class=\"wp-image-6814\"\/><\/figure>\n\n\n\n<p>Se celebr\u00f3 este viernes la primera audiencia de debate en el juicio que enfrenta el denominado Clan Sena por el femicidio de Cristina Strzyzowski, por el que C\u00e9sar Sena est\u00e1 imputado de autor, y sus padres, los dirigentes sociales Emerenciano Sena y Marcela Acu\u00f1a de part\u00edcipes primarios, mientras 2 parejas de colaboradores: Fabiana Gonz\u00e1lez y Gustavo Obreg\u00f3n, y Gustavo Melgarejo y Griselda Ferreyra, llegaron acusados de encubrimiento.<\/p>\n\n\n\n<p>Comenz\u00f3 con las instrucciones de la jueza t\u00e9cnica Dolly Fern\u00e1ndez al jurado, y los alegatos de apertura del Equipo Fiscal Especial, las querellas y las defensas de los imputados.<\/p>\n\n\n\n<p>Para la fiscal\u00eda, est\u00e1 claro: C\u00e9sar Sena asesin\u00f3 a su pareja Cecilia Strzyzowski en la vivienda familiar de Santa Mar\u00eda de Oro 1460, con la colaboraci\u00f3n de sus padres, con quienes traz\u00f3 un plan. Despu\u00e9s, Acu\u00f1a convoc\u00f3 a Obreg\u00f3n para que ayudara a C\u00e9sar descartar el cad\u00e1ver, que llevaron a la chancher\u00eda de Campo Rossi para incinerarlo. Y a Gonz\u00e1lez para que limpiara la casa para borrar evidencias.<\/p>\n\n\n\n<p>Y en la chancher\u00eda le encomendaron a Melgarejo y Reynoso que mantuvieran vivo el fuego para asegurarse la eliminaci\u00f3n total de los restos que d\u00edas despu\u00e9s C\u00e9sar y Melgarejo cargaron en bolsas de residuos y los descartaron en el r\u00edo Tragadero.<\/p>\n\n\n\n<p>Los querellantes en representaci\u00f3n de la familia de Cecilia: Gustavo Briend, y de la Subsecretar\u00eda de G\u00e9nero de la Provincia: Juan D\u00edaz, coincidieron con la hip\u00f3tesis de la Fiscal\u00eda.<\/p>\n\n\n\n<p><strong>Hay que probar la muerte<\/strong><\/p>\n\n\n\n<p>Tambi\u00e9n hubo coincidencias entre los defensores de los integrantes de la familia Sena, que expusieron su inter\u00e9s en despegar a sus representados del caso.<\/p>\n\n\n\n<p>Gabriela Tomljenovic, defensora de C\u00e9sar, y Ricardo Osuna, abogado de Emerenciano, hicieron especial hincapi\u00e9 en la ausencia de un certificado de defunci\u00f3n, informe de autopsia, o pericias que certifiquen que algunos de los restos hallados durante la investigaci\u00f3n, por lo que pusieron en duda que el crimen haya ocurrido.<\/p>\n\n\n\n<p>Por su parte, Celeste Ojeda, defensora de Marcela Acu\u00f1a, prefiri\u00f3 enfocarse en la versi\u00f3n del encubrimiento, admitiendo que su rol respondi\u00f3 al de una madre desesperada que actu\u00f3 \u201cmal\u201d, pero que lo hizo para \u201cdefender a su hijo\u201d. Y dijo que todo comenz\u00f3 la tarde del 2 de junio cuando encontr\u00f3 accidentalmente \u201calgo envuelto en una frazada\u201d, y que inmediatamente apel\u00f3 a Obreg\u00f3n para que \u201csacara eso\u201d de la casa, dici\u00e9ndole que \u201cpas\u00f3 algo grave con C\u00e9sar\u201d. Y que le hab\u00eda pedido \u201cque Emerenciano no se entere\u201d.<\/p>\n\n\n\n<p>En funci\u00f3n de eso, Osuna defini\u00f3 a Emerenciano Sena como \u201cuna persona de bien\u201d y \u201cemp\u00e1tica\u201d, y remerc\u00f3 que no hay prueba alguna contra su defendido.<\/p>\n\n\n\n<p>Tomljenovic, tras escuchar a la defensora de Acu\u00f1a, cuestion\u00f3 que se considera que \u201calgo envuelto en una frazada\u201d sea considerado el cad\u00e1ver de Cecilia. Y remarc\u00f3 que no hay elementos para demostrar que Cecilia fue asesinada, y que el crimen haya ocurrido en esa casa.<\/p>\n\n\n\n<p><strong>Encubridores<\/strong> <strong>por gratitud<\/strong><\/p>\n\n\n\n<p>Buena parte de la teor\u00eda del caso de la Fiscal\u00eda, se apoya en la declaraci\u00f3n que diera Gustavo Obreg\u00f3n durante la investigaci\u00f3n penal preparatoria, en la que admite el hecho y su rol, como el de C\u00e9sar Sena y de Marcela Acu\u00f1a. Su abogada, Elena Puente, insisti\u00f3 en la ausencia de \u201cun plan\u201d para matar a Cecilia.<\/p>\n\n\n\n<p>Puente tambi\u00e9n defiende a su esposa: Fabiana Gonz\u00e1lez, dijo que ambos \u201cactuaron por confianza\u201d, y describi\u00f3 la relaci\u00f3n que ella manten\u00eda con la familia Sena, desde que se incorpor\u00f3, a los 15 a\u00f1os, al movimiento social y despu\u00e9s al partido. As\u00ed, fund\u00f3 en que lo que sea que hayan hecho, lo hizo por gratitud, por haberles dado trabajo y asistirlos en varias oportunidades.<\/p>\n\n\n\n<p><strong>Testigos, no encubridores<\/strong><\/p>\n\n\n\n<p>M\u00f3nica S\u00e1nchez, abogada de Melgarejo, dijo que \u00e9ste ignora totalmente qu\u00e9 ocurri\u00f3 con Cecilia y que tampoco particip\u00f3, como reza la imputaci\u00f3n, en la eliminaci\u00f3n de los restos. Asegura que esa noche \u00e9l estaba en un campo vecino comiendo un asado y que al regresar encontr\u00f3 la hoguera encendida pero que ignoraba qui\u00e9n la encendi\u00f3 y con qu\u00e9 fin.<\/p>\n\n\n\n<p>Otro tanto dijo Celeste Ojeda, tambi\u00e9n defensora de Reynoso. Asever\u00f3 que \u00e9sta no s\u00f3lo estuvo al margen de todo, sino que ni siquiera ten\u00eda relaci\u00f3n con la chancher\u00eda de los Sena, sino que s\u00f3lo era la pareja del cuidador.<\/p>\n\n\n\n<p>Por esto, consideraron que ambos integrantes de la pareja que resid\u00eda en la chancher\u00eda deber\u00eda haber llegado al juicio como testigos, no imputados de encubrimiento.<\/p>\n","protected":false},"excerpt":{"rendered":"<p>Se celebr\u00f3 este viernes la primera audiencia de debate en el juicio que enfrenta el denominado Clan Sena por el femicidio de Cristina Strzyzowski, por el que C\u00e9sar Sena est\u00e1 imputado de autor, y sus padres, los dirigentes sociales Emerenciano Sena y Marcela Acu\u00f1a de part\u00edcipes primarios, mientras 2 parejas de colaboradores: Fabiana Gonz\u00e1lez y [&hellip;]<\/p>\n","protected":false},"author":1,"featured_media":12608,"comment_status":"open","ping_status":"open","sticky":false,"template":"","format":"standard","meta":{"footnotes":""},"categories":[26],"tags":[1813,1812,37,1825,2182,87,793,409,1787,49],"class_list":["post-12606","post","type-post","status-publish","format-standard","has-post-thumbnail","hentry","category-policiales","tag-cecilia","tag-cesar","tag-chaco","tag-chancheria","tag-clan-sena","tag-crimen","tag-emerenciano","tag-femicidio","tag-marcela","tag-resistencia"],"_links":{"self":[{"href":"https:\/\/hdpnoticias.com.ar\/index.php?rest_route=\/wp\/v2\/posts\/12606","targetHints":{"allow":["GET"]}}],"collection":[{"href":"https:\/\/hdpnoticias.com.ar\/index.php?rest_route=\/wp\/v2\/posts"}],"about":[{"href":"https:\/\/hdpnoticias.com.ar\/index.php?rest_route=\/wp\/v2\/types\/post"}],"author":[{"embeddable":true,"href":"https:\/\/hdpnoticias.com.ar\/index.php?rest_route=\/wp\/v2\/users\/1"}],"replies":[{"embeddable":true,"href":"https:\/\/hdpnoticias.com.ar\/index.php?rest_route=%2Fwp%2Fv2%2Fcomments&post=12606"}],"version-history":[{"count":1,"href":"https:\/\/hdpnoticias.com.ar\/index.php?rest_route=\/wp\/v2\/posts\/12606\/revisions"}],"predecessor-version":[{"id":12609,"href":"https:\/\/hdpnoticias.com.ar\/index.php?rest_route=\/wp\/v2\/posts\/12606\/revisions\/12609"}],"wp:featuredmedia":[{"embeddable":true,"href":"https:\/\/hdpnoticias.com.ar\/index.php?rest_route=\/wp\/v2\/media\/12608"}],"wp:attachment":[{"href":"https:\/\/hdpnoticias.com.ar\/index.php?rest_route=%2Fwp%2Fv2%2Fmedia&parent=12606"}],"wp:term":[{"taxonomy":"category","embeddable":true,"href":"https:\/\/hdpnoticias.com.ar\/index.php?rest_route=%2Fwp%2Fv2%2Fcategories&post=12606"},{"taxonomy":"post_tag","embeddable":true,"href":"https:\/\/hdpnoticias.com.ar\/index.php?rest_route=%2Fwp%2Fv2%2Ftags&post=12606"}],"curies":[{"name":"wp","href":"https:\/\/api.w.org\/{rel}","templated":true}]}}