{"id":12601,"date":"2025-10-30T22:02:01","date_gmt":"2025-10-31T01:02:01","guid":{"rendered":"https:\/\/hdpnoticias.com.ar\/?p=12601"},"modified":"2025-10-30T22:02:03","modified_gmt":"2025-10-31T01:02:03","slug":"el-clan-sena-en-el-banquillo-comienza-el-juicio-por-el-femicidio-de-cecilia","status":"publish","type":"post","link":"https:\/\/hdpnoticias.com.ar\/?p=12601","title":{"rendered":"El Clan Sena en el banquillo: comienza el juicio por el femicidio de Cecilia:"},"content":{"rendered":"\n<figure class=\"wp-block-image size-full\"><img loading=\"lazy\" decoding=\"async\" width=\"720\" height=\"90\" src=\"http:\/\/hdpnoticias.com.ar\/wp-content\/uploads\/2024\/05\/Copy-of-720x90-1.gif\" alt=\"\" class=\"wp-image-6806\"\/><\/figure>\n\n\n\n<p>Tras 3 jornadas de selecci\u00f3n, este jueves qued\u00f3 conformado el jurado que decidir\u00e1 la suerte del denominado Clan Sena, en el juicio por el femicidio de Cecilia Strzyzowski, de 28 a\u00f1os, perpetrad en junio de 2023.<\/p>\n\n\n\n<p>Cumplidas las instancias de impugnaci\u00f3n con y sin causa, se oficializ\u00f3 la n\u00f3mina de las 12 personas que integrar\u00e1n el jurado en car\u00e1cter de titulares, y las 8 que lo har\u00e1n como suplentes.<\/p>\n\n\n\n<p>El juicio comenzar\u00e1 este viernes en el auditorio del Centro de Estudios Judiciales de la calle Juan B. Justo 42, en el microcentro de Resistencia.<\/p>\n\n\n\n<p>En el banquillo estar\u00e1n C\u00e9sar Sena, imputado de homicidio doblemente agravado por el v\u00ednculo y por haberse cometido en contexto de violencia de g\u00e9nero en car\u00e1cter de autor, y sus padres, los dirigentes sociales Emerenciano Sena y Marcela Ver\u00f3nica Acu\u00f1a, de homicidio doblemente agravado por el v\u00ednculo y por haberse cometido en contexto de violencia de g\u00e9nero en car\u00e1cter de part\u00edcipes primarios.<\/p>\n\n\n\n<p>Adem\u00e1s, est\u00e1n imputados los integrantes de las 2 parejas de estrechos colaboradores de la familia: Fabiana Gonz\u00e1lez y Gustavo Obreg\u00f3n, y Gustavo Melgarejo y Griselda Reynoso, de encubrimiento agravado.<\/p>\n\n\n\n<p>La querella est\u00e1 encarnada por Gustavo Briend, en representaci\u00f3n de Gloria Romero, madre de Cecilia, y Juan Ignacio D\u00edaz en representaci\u00f3n de la Subsecretar\u00eda de G\u00e9nero y Diversidad.<\/p>\n\n\n\n<p>C\u00e9sar Sena es defendido por Gabriela Tomjlenovic, Emerenciano Sena por Ricardo Osuna y Olga Mongel\u00f3s; Marcela Acu\u00f1a y Griselda Reynoso por la defensora oficial 12: Celeste Ojeda; Fabiana Gonz\u00e1lez y Gustavo Obreg\u00f3n, por Elena Puente, y Gustavo Melgarejo por M\u00f3nica S\u00e1nchez.<\/p>\n\n\n\n<p><strong>Las audiencias<\/strong><\/p>\n\n\n\n<p>Las instrucciones iniciales, alegatos de apertura y clausura, instrucciones finales y veredicto ser\u00e1n transmitidas en vivo a trav\u00e9s de www.youtube.com\/@juicioporjuradoschaco4690.<\/p>\n\n\n\n<p>Los periodistas y el p\u00fablico que deseen seguir las audiencias deber\u00e1n asistir al auditorio del Superior Tribunal de Justicia, en L\u00f3pez y Planes 215, donde, previa acreditaci\u00f3n, acceder\u00e1n a la transmisi\u00f3n en vivo.<\/p>\n\n\n\n<p><strong>El hecho<\/strong><\/p>\n\n\n\n<p>El Equipo Fiscal Especial: conformado por Juan Mart\u00edn Bogado, Jorge C\u00e1ceres Olivera y Nelia Yael Vel\u00e1zquez, est\u00e1 convencido de que C\u00e9sar asesino a Cecilia en la vivienda familiar de la calle Santa Mar\u00eda de Oro, con la colaboraci\u00f3n de sus padres, y que Melgarejo lo ayud\u00f3 a trasladar el cad\u00e1ver para incinerarlo en la chancher\u00eda de Campo Rossi, y que Melgarejo y Reynoso eran los encargados de mantener vivo el fuego para eliminar completamente los restos.<\/p>\n","protected":false},"excerpt":{"rendered":"<p>Tras 3 jornadas de selecci\u00f3n, este jueves qued\u00f3 conformado el jurado que decidir\u00e1 la suerte del denominado Clan Sena, en el juicio por el femicidio de Cecilia Strzyzowski, de 28 a\u00f1os, perpetrad en junio de 2023. Cumplidas las instancias de impugnaci\u00f3n con y sin causa, se oficializ\u00f3 la n\u00f3mina de las 12 personas que integrar\u00e1n [&hellip;]<\/p>\n","protected":false},"author":1,"featured_media":2569,"comment_status":"open","ping_status":"open","sticky":false,"template":"","format":"standard","meta":{"footnotes":""},"categories":[26],"tags":[1813,37,1825,793,409,1928,798,1854],"class_list":["post-12601","post","type-post","status-publish","format-standard","has-post-thumbnail","hentry","category-policiales","tag-cecilia","tag-chaco","tag-chancheria","tag-emerenciano","tag-femicidio","tag-juicio-por-jurado","tag-sena","tag-strzyzowski"],"_links":{"self":[{"href":"https:\/\/hdpnoticias.com.ar\/index.php?rest_route=\/wp\/v2\/posts\/12601","targetHints":{"allow":["GET"]}}],"collection":[{"href":"https:\/\/hdpnoticias.com.ar\/index.php?rest_route=\/wp\/v2\/posts"}],"about":[{"href":"https:\/\/hdpnoticias.com.ar\/index.php?rest_route=\/wp\/v2\/types\/post"}],"author":[{"embeddable":true,"href":"https:\/\/hdpnoticias.com.ar\/index.php?rest_route=\/wp\/v2\/users\/1"}],"replies":[{"embeddable":true,"href":"https:\/\/hdpnoticias.com.ar\/index.php?rest_route=%2Fwp%2Fv2%2Fcomments&post=12601"}],"version-history":[{"count":1,"href":"https:\/\/hdpnoticias.com.ar\/index.php?rest_route=\/wp\/v2\/posts\/12601\/revisions"}],"predecessor-version":[{"id":12602,"href":"https:\/\/hdpnoticias.com.ar\/index.php?rest_route=\/wp\/v2\/posts\/12601\/revisions\/12602"}],"wp:featuredmedia":[{"embeddable":true,"href":"https:\/\/hdpnoticias.com.ar\/index.php?rest_route=\/wp\/v2\/media\/2569"}],"wp:attachment":[{"href":"https:\/\/hdpnoticias.com.ar\/index.php?rest_route=%2Fwp%2Fv2%2Fmedia&parent=12601"}],"wp:term":[{"taxonomy":"category","embeddable":true,"href":"https:\/\/hdpnoticias.com.ar\/index.php?rest_route=%2Fwp%2Fv2%2Fcategories&post=12601"},{"taxonomy":"post_tag","embeddable":true,"href":"https:\/\/hdpnoticias.com.ar\/index.php?rest_route=%2Fwp%2Fv2%2Ftags&post=12601"}],"curies":[{"name":"wp","href":"https:\/\/api.w.org\/{rel}","templated":true}]}}