{"id":12573,"date":"2025-10-28T22:29:59","date_gmt":"2025-10-29T01:29:59","guid":{"rendered":"https:\/\/hdpnoticias.com.ar\/?p=12573"},"modified":"2025-10-28T22:30:01","modified_gmt":"2025-10-29T01:30:01","slug":"aguilar-la-gente-voto-a-milei-para-que-no-vuelvan-cristina-y-capitanich","status":"publish","type":"post","link":"https:\/\/hdpnoticias.com.ar\/?p=12573","title":{"rendered":"Aguilar: La gente vot\u00f3 a Milei para que no vuelvan Cristina y Capitanich"},"content":{"rendered":"\n<figure class=\"wp-block-image size-full\"><img loading=\"lazy\" decoding=\"async\" width=\"720\" height=\"90\" src=\"http:\/\/hdpnoticias.com.ar\/wp-content\/uploads\/2024\/05\/Copy-of-720x90-1.gif\" alt=\"\" class=\"wp-image-6806\"\/><\/figure>\n\n\n\n<p>Eduardo Aguilar, compiti\u00f3 el \u00faltimo domingo como candidato a senador por el frente Vamos Chaco, que conform\u00f3 con la intendente de Laguna Blanca y presidente del Congreso Provincial del PJ: Claudia Panzardi, que encabez\u00f3 la lista de candidatos a diputados nacionales.<\/p>\n\n\n\n<p>Vamos Chaco consigui\u00f3 2,51 puntos en la categor\u00eda Senadores y 3,05 en Diputados. Mirando estos n\u00fameros, admiti\u00f3 que esperaban un resultado mejor y, en tono de autocr\u00edtica, dijo que subestimaron \u201cla fuerza del antikirchnerismo de la gente\u201d.<\/p>\n\n\n\n<p>Aguilar fue ministro de Econom\u00eda del primer gobierno de Jorge Capitanich, ocup\u00f3 una banca y presidi\u00f3 la Legislatura como integrante del coquista Frente Chaco Merece M\u00e1s, y fue senador por el kirchnerista Frente para la Victoria. Pero ahora est\u00e1 convencido de que buena parte del electorado, \u201cvot\u00f3 para que no vuelvan Cristina, Massa, Axel o Capitanich\u201d.<\/p>\n\n\n\n<p>Entre quienes optaron esta vez por La Libertad Avanza, que se impuso en la provincia y gran parte del pa\u00eds, para impedir la vuelta del kirchnerismo, dijo que hay muchos que coinciden con la propuesta de Vamos Chaco, por lo que se propusieron, a partir de ahora, \u201ctrabajar m\u00e1s para que no tengan miedo\u201d y la pr\u00f3xima vez los acompa\u00f1en.<\/p>\n\n\n\n<p>La pr\u00f3xima oportunidad electoral, seg\u00fan \u00e9l y Panzardi remarcaron, ser\u00e1 en 2027, cuando Vamos Chaco presenten su propia f\u00f3rmula para la gobernaci\u00f3n. En esa empresa, descartaron cualquier tipo de acercamiento con el oficialismo liderado por el gobernador Leandro Zdero, o con el sector opositor que comanda Capitanich.<\/p>\n","protected":false},"excerpt":{"rendered":"<p>Eduardo Aguilar, compiti\u00f3 el \u00faltimo domingo como candidato a senador por el frente Vamos Chaco, que conform\u00f3 con la intendente de Laguna Blanca y presidente del Congreso Provincial del PJ: Claudia Panzardi, que encabez\u00f3 la lista de candidatos a diputados nacionales. Vamos Chaco consigui\u00f3 2,51 puntos en la categor\u00eda Senadores y 3,05 en Diputados. Mirando [&hellip;]<\/p>\n","protected":false},"author":1,"featured_media":12575,"comment_status":"open","ping_status":"open","sticky":false,"template":"","format":"standard","meta":{"footnotes":""},"categories":[27],"tags":[1397,609,29,37,246,4684,289,1319,655,5265],"class_list":["post-12573","post","type-post","status-publish","format-standard","has-post-thumbnail","hentry","category-politica","tag-aguilar","tag-axel","tag-capitanich","tag-chaco","tag-elecciones","tag-lla","tag-massa","tag-milei","tag-panzardi","tag-vamos-chaco"],"_links":{"self":[{"href":"https:\/\/hdpnoticias.com.ar\/index.php?rest_route=\/wp\/v2\/posts\/12573","targetHints":{"allow":["GET"]}}],"collection":[{"href":"https:\/\/hdpnoticias.com.ar\/index.php?rest_route=\/wp\/v2\/posts"}],"about":[{"href":"https:\/\/hdpnoticias.com.ar\/index.php?rest_route=\/wp\/v2\/types\/post"}],"author":[{"embeddable":true,"href":"https:\/\/hdpnoticias.com.ar\/index.php?rest_route=\/wp\/v2\/users\/1"}],"replies":[{"embeddable":true,"href":"https:\/\/hdpnoticias.com.ar\/index.php?rest_route=%2Fwp%2Fv2%2Fcomments&post=12573"}],"version-history":[{"count":1,"href":"https:\/\/hdpnoticias.com.ar\/index.php?rest_route=\/wp\/v2\/posts\/12573\/revisions"}],"predecessor-version":[{"id":12576,"href":"https:\/\/hdpnoticias.com.ar\/index.php?rest_route=\/wp\/v2\/posts\/12573\/revisions\/12576"}],"wp:featuredmedia":[{"embeddable":true,"href":"https:\/\/hdpnoticias.com.ar\/index.php?rest_route=\/wp\/v2\/media\/12575"}],"wp:attachment":[{"href":"https:\/\/hdpnoticias.com.ar\/index.php?rest_route=%2Fwp%2Fv2%2Fmedia&parent=12573"}],"wp:term":[{"taxonomy":"category","embeddable":true,"href":"https:\/\/hdpnoticias.com.ar\/index.php?rest_route=%2Fwp%2Fv2%2Fcategories&post=12573"},{"taxonomy":"post_tag","embeddable":true,"href":"https:\/\/hdpnoticias.com.ar\/index.php?rest_route=%2Fwp%2Fv2%2Ftags&post=12573"}],"curies":[{"name":"wp","href":"https:\/\/api.w.org\/{rel}","templated":true}]}}