{"id":12569,"date":"2025-10-28T20:29:00","date_gmt":"2025-10-28T23:29:00","guid":{"rendered":"https:\/\/hdpnoticias.com.ar\/?p=12569"},"modified":"2025-10-28T20:30:47","modified_gmt":"2025-10-28T23:30:47","slug":"caso-cecilia-comenzo-la-seleccion-del-jurado-para-el-juicio-al-clan-sena","status":"publish","type":"post","link":"https:\/\/hdpnoticias.com.ar\/?p=12569","title":{"rendered":"Caso Cecilia: comenz\u00f3 la selecci\u00f3n de jurados para el juicio al Clan Sena"},"content":{"rendered":"\n<figure class=\"wp-block-image size-full\"><img loading=\"lazy\" decoding=\"async\" width=\"728\" height=\"90\" src=\"http:\/\/hdpnoticias.com.ar\/wp-content\/uploads\/2024\/05\/Nachec.gif\" alt=\"\" class=\"wp-image-6814\"\/><\/figure>\n\n\n\n<p>Comenz\u00f3 este martes en el Centro de Convenciones Gala, de Resistencia, la selecci\u00f3n de jurados para el juicio que enfrentar\u00e1 el denominado \u201cClan Sena\u201d por el femicidio de Cecilia Strzyzowski.<\/p>\n\n\n\n<p>La causa tiene como principal imputado a C\u00e9sar Sena, expareja de la v\u00edctima, y a los padres de \u00e9ste, los dirigentes sociales Emerenciano Sena y Marcela Acu\u00f1a como part\u00edcipes necesarios.<\/p>\n\n\n\n<p>Adem\u00e1s, 2 parejas de colaboradores de la familia llegan al juicio acusados de encubrimiento: Gustavo Obreg\u00f3n y Fabiana Gonz\u00e1lez, y Gustavo Melgarejo y Griselda Reynoso.<\/p>\n\n\n\n<p>Para la fiscal\u00eda, C\u00e9sar mat\u00f3 a Cecilia en la vivienda de la familia, en la calle Santa Mar\u00eda de Oro, con la colaboraci\u00f3n de sus padres. Y Obreg\u00f3n lo ayud\u00f3 a trasladar el cad\u00e1ver a la chancher\u00eda de Campo Rossi, y prenderle fuego, mientras los encargados del predio: Melgarejo y Reynoso, se ocuparon de mantener vivas las llamas para asegurar la reducci\u00f3n de los restos. Mientras, Gonz\u00e1lez se ocupaba de limpiar la escena del crimen.<\/p>\n\n\n\n<p>Debido a la mediatizaci\u00f3n del caso y a la popularidad de los implicados, la Comisi\u00f3n de Juicio por Jurado sorte\u00f3 un n\u00famero mayor de potenciales integrantes: 450, para conformar el jurado de 12 titulares, m\u00e1s 12 suplentes.<\/p>\n\n\n\n<p>A esta primera jornada asistieron 166 de los 250 convocados, y este mi\u00e9rcoles, desde las 8, continuar\u00e1 la selecci\u00f3n con otros 100 convocados. La instancia finalizar\u00e1 el jueves, tras las recusaciones planteadas por las partes, que ser\u00e1n admitidas o rechazadas por la jueza t\u00e9cnica Dolly Fern\u00e1ndez.<\/p>\n\n\n\n<p>Con el jurado conformado, el viernes 31 de octubre se iniciara la audiencia de debate en el Centro de Estudios Legales y Sociales del Poder Judicial, en la calle Juan B. Justo 42, en el microcentro de la capital. Y continuar\u00e1 los d\u00edas 3, 4, 5, 6, 7, 10, 11, 12, 13, 14, 17, 18, 19 y 20 de noviembre.<\/p>\n","protected":false},"excerpt":{"rendered":"<p>Comenz\u00f3 este martes en el Centro de Convenciones Gala, de Resistencia, la selecci\u00f3n de jurados para el juicio que enfrentar\u00e1 el denominado \u201cClan Sena\u201d por el femicidio de Cecilia Strzyzowski. La causa tiene como principal imputado a C\u00e9sar Sena, expareja de la v\u00edctima, y a los padres de \u00e9ste, los dirigentes sociales Emerenciano Sena y [&hellip;]<\/p>\n","protected":false},"author":1,"featured_media":12570,"comment_status":"open","ping_status":"open","sticky":false,"template":"","format":"standard","meta":{"footnotes":""},"categories":[26],"tags":[1813,1812,37,1825,793,409,1787,49,1854],"class_list":["post-12569","post","type-post","status-publish","format-standard","has-post-thumbnail","hentry","category-policiales","tag-cecilia","tag-cesar","tag-chaco","tag-chancheria","tag-emerenciano","tag-femicidio","tag-marcela","tag-resistencia","tag-strzyzowski"],"_links":{"self":[{"href":"https:\/\/hdpnoticias.com.ar\/index.php?rest_route=\/wp\/v2\/posts\/12569","targetHints":{"allow":["GET"]}}],"collection":[{"href":"https:\/\/hdpnoticias.com.ar\/index.php?rest_route=\/wp\/v2\/posts"}],"about":[{"href":"https:\/\/hdpnoticias.com.ar\/index.php?rest_route=\/wp\/v2\/types\/post"}],"author":[{"embeddable":true,"href":"https:\/\/hdpnoticias.com.ar\/index.php?rest_route=\/wp\/v2\/users\/1"}],"replies":[{"embeddable":true,"href":"https:\/\/hdpnoticias.com.ar\/index.php?rest_route=%2Fwp%2Fv2%2Fcomments&post=12569"}],"version-history":[{"count":2,"href":"https:\/\/hdpnoticias.com.ar\/index.php?rest_route=\/wp\/v2\/posts\/12569\/revisions"}],"predecessor-version":[{"id":12572,"href":"https:\/\/hdpnoticias.com.ar\/index.php?rest_route=\/wp\/v2\/posts\/12569\/revisions\/12572"}],"wp:featuredmedia":[{"embeddable":true,"href":"https:\/\/hdpnoticias.com.ar\/index.php?rest_route=\/wp\/v2\/media\/12570"}],"wp:attachment":[{"href":"https:\/\/hdpnoticias.com.ar\/index.php?rest_route=%2Fwp%2Fv2%2Fmedia&parent=12569"}],"wp:term":[{"taxonomy":"category","embeddable":true,"href":"https:\/\/hdpnoticias.com.ar\/index.php?rest_route=%2Fwp%2Fv2%2Fcategories&post=12569"},{"taxonomy":"post_tag","embeddable":true,"href":"https:\/\/hdpnoticias.com.ar\/index.php?rest_route=%2Fwp%2Fv2%2Ftags&post=12569"}],"curies":[{"name":"wp","href":"https:\/\/api.w.org\/{rel}","templated":true}]}}