{"id":12542,"date":"2025-10-27T07:51:32","date_gmt":"2025-10-27T10:51:32","guid":{"rendered":"https:\/\/hdpnoticias.com.ar\/?p=12542"},"modified":"2025-10-27T07:51:33","modified_gmt":"2025-10-27T10:51:33","slug":"su-peor-derrota-panzardi-aplasto-599-a-55-a-capitanich-en-laguna-blanca","status":"publish","type":"post","link":"https:\/\/hdpnoticias.com.ar\/?p=12542","title":{"rendered":"Su peor derrota: Panzardi aplast\u00f3 599 a 55 a Capitanich en Laguna Blanca"},"content":{"rendered":"\n<figure class=\"wp-block-image size-full\"><img loading=\"lazy\" decoding=\"async\" width=\"728\" height=\"90\" src=\"http:\/\/hdpnoticias.com.ar\/wp-content\/uploads\/2024\/05\/Nachec.gif\" alt=\"\" class=\"wp-image-6814\"\/><\/figure>\n\n\n\n<p>El exgobernador Jorge Capitanich perdi\u00f3 este domingo su segunda elecci\u00f3n en 5 meses: el 11 de mayo perdi\u00f3 como candidato a diputado provincial, aunque obtuvo una banca en la Legislatura, y ahora cay\u00f3 como candidato a senador por el frente kirchnerista Fuerza Patria, pero ocupar\u00e1 la banca destinada a la minor\u00eda.<\/p>\n\n\n\n<p>A \u00faltima hora y con el escrutinio pr\u00e1cticamente definido, dedic\u00f3 un discurso a sus seguidores en la sede del Partido Justicialista, en Resistencia, en el que desconfi\u00f3 del resultado, principalmente en la categor\u00eda Senadores, por la ajustada diferencia, y dijo que aguardar\u00e1 el recuento definitivo.<\/p>\n\n\n\n<p>Mientras, volvi\u00f3 a atribuirle la derrota a los que \u201cpor alguna raz\u00f3n\u201d deciden presentar propuestas electorales por fuera y \u201cterminan haci\u00e9ndole el juego al enemigo\u201d. En mayo, las mismas palabras fueron dedicadas a la intendente de Barranqueras: Magda Ayala, que lo hab\u00eda enfrentado con Primero Chaco, y esta vez fueron para la intendente de Laguna Blanca: Claudia Panzardi, que lo desafi\u00f3 con el frente Vamos Chaco.<\/p>\n\n\n\n<p>En el recuento circuito por circuito, fue justamente Panzardi, en su pueblo, quien le propin\u00f3 la mayor derrota en la provincia.<\/p>\n\n\n\n<p>La intendente encabezaba la lista de candidatos a diputados nacionales, categor\u00eda en la que Vamos Chaco se impuso con 599 votos, equivalentes al 74,87%.<\/p>\n\n\n\n<p>En segundo lugar se ubic\u00f3 La Libertad Avanza, con 151 votos, el 18,87%. Mientras el intendente de Las Garcitas, Sergio Dolce, de Fuerza Patria, apareci\u00f3 en el tercer lugar con 34 votos, 4,25 puntos.<\/p>\n\n\n\n<p>En la categor\u00eda Senadores, Vamos Chaco sufri\u00f3 una merma, pero \u00e9sta no mell\u00f3 el triunfo: la lista encabezada por Eduardo Aguilar, exministro de Econom\u00eda de Capitanich, exdiputado provincial y exsenador, sum\u00f3 546 votos, lo que representa el 69,02%.<\/p>\n\n\n\n<p>En el segundo lugar LLA consigui\u00f3 171 votos, el 21,61%.<\/p>\n\n\n\n<p><strong>La incidencia de Vamos Chaco<\/strong><\/p>\n\n\n\n<p>Y tercero lleg\u00f3 Capitanich, candidato a senador de Fuerza Patria, con 55 votos, 6,95 puntos.<\/p>\n\n\n\n<p>En el escrutinio provincial, Vamos Chaco alcanz\u00f3 los 3 puntos en Diputados, mientras Fuerza Patria perdi\u00f3 por 2 frente a LLA. Y en Senadores sum\u00f3 2,51, y la diferencia entre Fuerza Patria y LLA fue de 0,65.<\/p>\n","protected":false},"excerpt":{"rendered":"<p>El exgobernador Jorge Capitanich perdi\u00f3 este domingo su segunda elecci\u00f3n en 5 meses: el 11 de mayo perdi\u00f3 como candidato a diputado provincial, aunque obtuvo una banca en la Legislatura, y ahora cay\u00f3 como candidato a senador por el frente kirchnerista Fuerza Patria, pero ocupar\u00e1 la banca destinada a la minor\u00eda. A \u00faltima hora y [&hellip;]<\/p>\n","protected":false},"author":1,"featured_media":12543,"comment_status":"open","ping_status":"open","sticky":false,"template":"","format":"standard","meta":{"footnotes":""},"categories":[27],"tags":[1397,5341,37,2508,71,5165,2243,4684,1881,655,3692],"class_list":["post-12542","post","type-post","status-publish","format-standard","has-post-thumbnail","hentry","category-politica","tag-aguilar","tag-capitenich","tag-chaco","tag-derrota","tag-diputados","tag-fuerza-patria","tag-laguna-blanca","tag-lla","tag-magda","tag-panzardi","tag-senadores"],"_links":{"self":[{"href":"https:\/\/hdpnoticias.com.ar\/index.php?rest_route=\/wp\/v2\/posts\/12542","targetHints":{"allow":["GET"]}}],"collection":[{"href":"https:\/\/hdpnoticias.com.ar\/index.php?rest_route=\/wp\/v2\/posts"}],"about":[{"href":"https:\/\/hdpnoticias.com.ar\/index.php?rest_route=\/wp\/v2\/types\/post"}],"author":[{"embeddable":true,"href":"https:\/\/hdpnoticias.com.ar\/index.php?rest_route=\/wp\/v2\/users\/1"}],"replies":[{"embeddable":true,"href":"https:\/\/hdpnoticias.com.ar\/index.php?rest_route=%2Fwp%2Fv2%2Fcomments&post=12542"}],"version-history":[{"count":1,"href":"https:\/\/hdpnoticias.com.ar\/index.php?rest_route=\/wp\/v2\/posts\/12542\/revisions"}],"predecessor-version":[{"id":12544,"href":"https:\/\/hdpnoticias.com.ar\/index.php?rest_route=\/wp\/v2\/posts\/12542\/revisions\/12544"}],"wp:featuredmedia":[{"embeddable":true,"href":"https:\/\/hdpnoticias.com.ar\/index.php?rest_route=\/wp\/v2\/media\/12543"}],"wp:attachment":[{"href":"https:\/\/hdpnoticias.com.ar\/index.php?rest_route=%2Fwp%2Fv2%2Fmedia&parent=12542"}],"wp:term":[{"taxonomy":"category","embeddable":true,"href":"https:\/\/hdpnoticias.com.ar\/index.php?rest_route=%2Fwp%2Fv2%2Fcategories&post=12542"},{"taxonomy":"post_tag","embeddable":true,"href":"https:\/\/hdpnoticias.com.ar\/index.php?rest_route=%2Fwp%2Fv2%2Ftags&post=12542"}],"curies":[{"name":"wp","href":"https:\/\/api.w.org\/{rel}","templated":true}]}}