{"id":12467,"date":"2025-10-20T22:49:00","date_gmt":"2025-10-21T01:49:00","guid":{"rendered":"https:\/\/hdpnoticias.com.ar\/?p=12467"},"modified":"2025-10-21T07:12:25","modified_gmt":"2025-10-21T10:12:25","slug":"charole-invito-a-sus-companeros-del-bloque-levantense-y-vengan-a-conocer-el-impenetrable","status":"publish","type":"post","link":"https:\/\/hdpnoticias.com.ar\/?p=12467","title":{"rendered":"Charole invit\u00f3 a sus compa\u00f1eros del bloque: Lev\u00e1ntense y vengan a conocer El Impenetrable"},"content":{"rendered":"\n<figure class=\"wp-block-image size-full\"><img loading=\"lazy\" decoding=\"async\" width=\"728\" height=\"90\" src=\"http:\/\/hdpnoticias.com.ar\/wp-content\/uploads\/2024\/05\/Nachec.gif\" alt=\"\" class=\"wp-image-6814\"\/><\/figure>\n\n\n\n<p>Diputados del interbloque Chaco Merece M\u00e1s, que responde al exgobernador Jorge Capitanich, diputado provincial electo en mayo y ahora candidato a senador por el frente kirchnerista Fuerza Patria, hab\u00eda convocado este lunes a una sesi\u00f3n extraordinaria de la Legislatura provincial.<\/p>\n\n\n\n<p>La convocatoria no logr\u00f3 convencer ni a los propios integrantes de la bancada y fracas\u00f3 por falta de qu\u00f3rum.<\/p>\n\n\n\n<p>El temario inclu\u00eda la declaraci\u00f3n de varios estados de emergencia, como la emergencia en salud pedi\u00e1trica, emergencia energ\u00e9tica y emergencia alimentaria, un proyecto de ley de convocatoria a paritarias docentes y otro que ordenaba retrotraer las tarifas de servicios p\u00fablicos a junio de 2024.<\/p>\n\n\n\n<p>Entre los asistentes estaba Dar\u00edo Bacileff Ivanoff, del Frente Integrador, que consider\u00f3 \u201cprevisible\u201d el fracaso, ya que la sesi\u00f3n hab\u00eda sido convocada sin el \u201ctrabajo pol\u00edtico\u201d que demandaba el listado de temas a tratar, Seg\u00fan su entender, un llamado de esta naturaleza, necesita consensos, primero, en el inter\u00e9s y el objetivo de la sesi\u00f3n, y despu\u00e9s, a la hora de la votaci\u00f3n, algo que no se dio en este caso.<\/p>\n\n\n\n<p>Pero la bancada opositora volvi\u00f3 a apuntar contra una de sus integrantes: Andrea Charole, que no asisti\u00f3. Mirar con suspicacia su actitud y volvieron a tacharla de aliada del gobernador Leandro Zdero.<\/p>\n\n\n\n<p>La \u00faltima vez que la mencionaron en p\u00fablico fue cuando se neg\u00f3 a votar en contra del bloque cuando se trat\u00f3 la instituci\u00f3n por ley de la cl\u00e1usula gatillo como f\u00f3rmula de actualizaci\u00f3n del salario docente. Por eso, el Partido Justicialista la suspendi\u00f3 la afiliaci\u00f3n.<\/p>\n\n\n\n<p>Ella justific\u00f3 su inasistencia alegando que se encontraba \u201cen el territorio, trabajando con la gente a la que represento y que en este momento necesita de nosotros\u201d. Estaba en Villa R\u00edo Bermejito, donde la semana pasada una protesta por la restituci\u00f3n de pensiones nacionales gener\u00f3 un piquete que fue desalojado por la Polic\u00eda y termin\u00f3 con decenas de personas heridas entre manifestantes y personal policial.<\/p>\n\n\n\n<p>En este momento Ans\u00e9s despliega un operativo para facilitar las respuestas demandadas y ella se sum\u00f3 a dirigentes locales en la contenci\u00f3n de los afectados. Desde ah\u00ed, consider\u00f3 que sus compa\u00f1eros &#8220;mezclan todo&#8221; y que &#8220;est\u00e1n apurados s\u00f3lo porque vienen las elecciones&#8221;.<\/p>\n\n\n\n<p>\u201cHablan desde una banca en la C\u00e1mara, les puedo asegurar que muchos ni siquiera pisaron alguna vez El Impenetrable, menos van a venir a tragar tierra con la gente\u201d, les chant\u00f3, y los invit\u00f3 a \u201cconocer El Impenetrable y las necesidades de su pueblo\u201d.<\/p>\n\n\n\n<p>Y ampli\u00f3 la invitaci\u00f3n: \u201cVengan a instalarse con sus camionetas, autos, motos o bicicletas para buscar a la gente, paraje por paraje, para llevarla al m\u00e9dico o hacer los tr\u00e1mites que necesitan para recuperar su pensi\u00f3n, porque sentados en Resistencia todo parece f\u00e1cil\u201d.<\/p>\n","protected":false},"excerpt":{"rendered":"<p>Diputados del interbloque Chaco Merece M\u00e1s, que responde al exgobernador Jorge Capitanich, diputado provincial electo en mayo y ahora candidato a senador por el frente kirchnerista Fuerza Patria, hab\u00eda convocado este lunes a una sesi\u00f3n extraordinaria de la Legislatura provincial. La convocatoria no logr\u00f3 convencer ni a los propios integrantes de la bancada y fracas\u00f3 [&hellip;]<\/p>\n","protected":false},"author":1,"featured_media":12469,"comment_status":"open","ping_status":"open","sticky":false,"template":"","format":"standard","meta":{"footnotes":""},"categories":[27],"tags":[3332,962,29,2990,71,417,246,2419,921],"class_list":["post-12467","post","type-post","status-publish","format-standard","has-post-thumbnail","hentry","category-politica","tag-anses","tag-campana","tag-capitanich","tag-charole","tag-diputados","tag-el-impenetrable","tag-elecciones","tag-quorum","tag-zdero"],"_links":{"self":[{"href":"https:\/\/hdpnoticias.com.ar\/index.php?rest_route=\/wp\/v2\/posts\/12467","targetHints":{"allow":["GET"]}}],"collection":[{"href":"https:\/\/hdpnoticias.com.ar\/index.php?rest_route=\/wp\/v2\/posts"}],"about":[{"href":"https:\/\/hdpnoticias.com.ar\/index.php?rest_route=\/wp\/v2\/types\/post"}],"author":[{"embeddable":true,"href":"https:\/\/hdpnoticias.com.ar\/index.php?rest_route=\/wp\/v2\/users\/1"}],"replies":[{"embeddable":true,"href":"https:\/\/hdpnoticias.com.ar\/index.php?rest_route=%2Fwp%2Fv2%2Fcomments&post=12467"}],"version-history":[{"count":1,"href":"https:\/\/hdpnoticias.com.ar\/index.php?rest_route=\/wp\/v2\/posts\/12467\/revisions"}],"predecessor-version":[{"id":12470,"href":"https:\/\/hdpnoticias.com.ar\/index.php?rest_route=\/wp\/v2\/posts\/12467\/revisions\/12470"}],"wp:featuredmedia":[{"embeddable":true,"href":"https:\/\/hdpnoticias.com.ar\/index.php?rest_route=\/wp\/v2\/media\/12469"}],"wp:attachment":[{"href":"https:\/\/hdpnoticias.com.ar\/index.php?rest_route=%2Fwp%2Fv2%2Fmedia&parent=12467"}],"wp:term":[{"taxonomy":"category","embeddable":true,"href":"https:\/\/hdpnoticias.com.ar\/index.php?rest_route=%2Fwp%2Fv2%2Fcategories&post=12467"},{"taxonomy":"post_tag","embeddable":true,"href":"https:\/\/hdpnoticias.com.ar\/index.php?rest_route=%2Fwp%2Fv2%2Ftags&post=12467"}],"curies":[{"name":"wp","href":"https:\/\/api.w.org\/{rel}","templated":true}]}}