{"id":12436,"date":"2025-10-17T11:40:43","date_gmt":"2025-10-17T14:40:43","guid":{"rendered":"https:\/\/hdpnoticias.com.ar\/?p=12436"},"modified":"2025-10-17T11:52:25","modified_gmt":"2025-10-17T14:52:25","slug":"incendio-del-auto-del-hijo-de-raul-abraham-cree-que-fue-intencional-y-mira-a-la-interna-gremial","status":"publish","type":"post","link":"https:\/\/hdpnoticias.com.ar\/?p=12436","title":{"rendered":"Incendio del auto del hijo de Ra\u00fal Abraham: cree que fue intencional y mira a la interna gremial"},"content":{"rendered":"\n<figure class=\"wp-block-image size-full\"><img loading=\"lazy\" decoding=\"async\" width=\"720\" height=\"90\" src=\"http:\/\/hdpnoticias.com.ar\/wp-content\/uploads\/2024\/05\/Copy-of-720x90-1.gif\" alt=\"\" class=\"wp-image-6806\"\/><\/figure>\n\n\n\n<p>La tarde del jueves una comisi\u00f3n policial que patrullaba la zona oeste de Resistencia se top\u00f3 en la avenida Bertaca al 1500 con varias personas que intentaban sofocar un principio de incendio en un autom\u00f3vil estacionado en la v\u00eda p\u00fablica.<\/p>\n\n\n\n<p>El veh\u00edculo, un VW Passat, se dijo en principio que ser\u00eda propiedad de C\u00e9sar Abraham, secretario general adjunto de la Uni\u00f3n Tranviaria Automotor, gremio que dirige su padre: Ra\u00fal Abraham. Pero \u00e9ste aclar\u00f3 que era de su pareja.<\/p>\n\n\n\n<p>Las llamas se desarrollaron debajo del capot y afectaron al motor y la parte delantera de la carrocer\u00eda. Tambi\u00e9n afectaron la parte trasera de una camioneta del gremio, estacionada delante. Finalmente fueron aplacadas por una dotaci\u00f3n de Bomberos.<\/p>\n\n\n\n<p>C\u00e9sar Abraham expres\u00f3 ante la Polic\u00eda sus sospechas de que el fuego haya sido provocado deliberadamente, en el marco de una interna sindical de los colectiveros.<\/p>\n\n\n\n<p>Sin embargo, esta ma\u00f1ana su padre, entrevistado en el canal Somos Uno y La Radio, eludi\u00f3 referirse a esa hip\u00f3tesis y desvi\u00f3 sus respuestas hacia temas relacionados con el costo de las tarifas, los subsidios al transporte, la situaci\u00f3n financiera de las empresas, el reclamo salarial y la crisis econ\u00f3mica en general.<\/p>\n\n\n\n<p>No obstante, los investigadores apelaron a grabaciones de las c\u00e1maras de seguridad del vecindario para intentar dilucidar la cuesti\u00f3n.<\/p>\n","protected":false},"excerpt":{"rendered":"<p>La tarde del jueves una comisi\u00f3n policial que patrullaba la zona oeste de Resistencia se top\u00f3 en la avenida Bertaca al 1500 con varias personas que intentaban sofocar un principio de incendio en un autom\u00f3vil estacionado en la v\u00eda p\u00fablica. El veh\u00edculo, un VW Passat, se dijo en principio que ser\u00eda propiedad de C\u00e9sar Abraham, [&hellip;]<\/p>\n","protected":false},"author":1,"featured_media":12438,"comment_status":"open","ping_status":"open","sticky":false,"template":"","format":"standard","meta":{"footnotes":""},"categories":[26,27],"tags":[],"class_list":["post-12436","post","type-post","status-publish","format-standard","has-post-thumbnail","hentry","category-policiales","category-politica"],"_links":{"self":[{"href":"https:\/\/hdpnoticias.com.ar\/index.php?rest_route=\/wp\/v2\/posts\/12436","targetHints":{"allow":["GET"]}}],"collection":[{"href":"https:\/\/hdpnoticias.com.ar\/index.php?rest_route=\/wp\/v2\/posts"}],"about":[{"href":"https:\/\/hdpnoticias.com.ar\/index.php?rest_route=\/wp\/v2\/types\/post"}],"author":[{"embeddable":true,"href":"https:\/\/hdpnoticias.com.ar\/index.php?rest_route=\/wp\/v2\/users\/1"}],"replies":[{"embeddable":true,"href":"https:\/\/hdpnoticias.com.ar\/index.php?rest_route=%2Fwp%2Fv2%2Fcomments&post=12436"}],"version-history":[{"count":1,"href":"https:\/\/hdpnoticias.com.ar\/index.php?rest_route=\/wp\/v2\/posts\/12436\/revisions"}],"predecessor-version":[{"id":12439,"href":"https:\/\/hdpnoticias.com.ar\/index.php?rest_route=\/wp\/v2\/posts\/12436\/revisions\/12439"}],"wp:featuredmedia":[{"embeddable":true,"href":"https:\/\/hdpnoticias.com.ar\/index.php?rest_route=\/wp\/v2\/media\/12438"}],"wp:attachment":[{"href":"https:\/\/hdpnoticias.com.ar\/index.php?rest_route=%2Fwp%2Fv2%2Fmedia&parent=12436"}],"wp:term":[{"taxonomy":"category","embeddable":true,"href":"https:\/\/hdpnoticias.com.ar\/index.php?rest_route=%2Fwp%2Fv2%2Fcategories&post=12436"},{"taxonomy":"post_tag","embeddable":true,"href":"https:\/\/hdpnoticias.com.ar\/index.php?rest_route=%2Fwp%2Fv2%2Ftags&post=12436"}],"curies":[{"name":"wp","href":"https:\/\/api.w.org\/{rel}","templated":true}]}}