{"id":12386,"date":"2025-10-12T18:24:00","date_gmt":"2025-10-12T21:24:00","guid":{"rendered":"https:\/\/hdpnoticias.com.ar\/?p=12386"},"modified":"2025-10-13T06:53:46","modified_gmt":"2025-10-13T09:53:46","slug":"si-vuelve-a-gobernar-capitanich-quiere-ser-como-zdero-basta-de-piquetes","status":"publish","type":"post","link":"https:\/\/hdpnoticias.com.ar\/?p=12386","title":{"rendered":"Si vuelve a gobernar, Capitanich quiere ser como Zdero: Basta de piquetes"},"content":{"rendered":"\n<figure class=\"wp-block-image size-full\"><img loading=\"lazy\" decoding=\"async\" width=\"728\" height=\"90\" src=\"http:\/\/hdpnoticias.com.ar\/wp-content\/uploads\/2024\/05\/Nachec.gif\" alt=\"\" class=\"wp-image-6814\"\/><\/figure>\n\n\n\n<p>El trigobernador: Jorge Capitanich, volvi\u00f3 a <strong><a href=\"https:\/\/hdpnoticias.com.ar\/?p=8194\">elogiar la gesti\u00f3n de su sucesor al frente del Poder Ejecutivo: el radical Leandro Zdero<\/a><\/strong>, por haberle puesto fin a los piquetes en calles y rutas de toda la provincia.<\/p>\n\n\n\n<p>Esta modalidad de protesta caracteriz\u00f3 a las 3 gestiones de Capitanich, y a la de su partidario Domingo Peppo, al punto que le vali\u00f3 a Resistencia el mote de \u201ccapital del piquete\u201d, por sus recurrentes manifestaciones, principalmente en inmediaciones de la casa de Gobierno, impidiendo el tr\u00e1nsito y el normal desenvolvimiento de la actividad comercial.<\/p>\n\n\n\n<p>Una vez m\u00e1s reconoci\u00f3 que no pudo o no supo resolver el problema generado por la protesta social, no s\u00f3lo de las organizaciones sociales, sino tambi\u00e9n sindicales. Y entiende que buena parte de su derrota en las elecciones de 2023, cuando buscaba su cuarto mandato, se debi\u00f3 al \u201chartazgo de la sociedad\u201d; adem\u00e1s del <strong><a href=\"https:\/\/hdpnoticias.com.ar\/?p=9658\">&#8220;desgaste&#8221; natural de la relaci\u00f3n con un &#8220;ciclo extenso&#8221;<\/a><\/strong>.<\/p>\n\n\n\n<p>\u201cFue nuestro tal\u00f3n de Aquiles\u201d, grafic\u00f3 en NorteTV y ChacoTV Stream, al repetir la autocr\u00edticas sobre su <strong><a href=\"https:\/\/hdpnoticias.com.ar\/?p=11068\">incapacidad para resolver el problema<\/a><\/strong>.<\/p>\n\n\n\n<p>Capitanich fue electo diputado provincial el pasado 11 de mayo, y debe asumir el 10 de diciembre, pero ya adelant\u00f3 que prefiere ser senador nacional, para lo que competir\u00e1 el pr\u00f3ximo 26 de octubre como candidato del frente kirchnerista Fuerza Patria.<\/p>\n\n\n\n<p>No obstante, <strong><a href=\"https:\/\/hdpnoticias.com.ar\/?p=12281\">no descarta insistir con volver a la Gobernaci\u00f3n<\/a><\/strong> en 2027. En ese caso, dijo en Norte que le dar\u00eda plena continuidad a las medidas adoptadas por Zdero para terminar con los piquetes: \u201cCuando se hace algo bien hay que reconocerlo\u201d, reiter\u00f3, y prometi\u00f3: \u201cNosotros vamos a sostener lo que est\u00e1 bien\u201d, una promesa que representa un cambio radical en su postura, ya que hasta ahora <strong><a href=\"https:\/\/hdpnoticias.com.ar\/?p=10781\">consider\u00f3 los piquetes como el ejercicio de la libertad<\/a><\/strong>.<\/p>\n\n\n\n<p><strong>Fuego amigo<\/strong><\/p>\n\n\n\n<p>Parad\u00f3jicamente, volvi\u00f3 tambi\u00e9n a considerar \u201craro\u201d, que tras la asunci\u00f3n de Zdero hayan desaparecido las airadas protestas callejeras. Esto, seg\u00fan su entender, lleva a sospechar que \u201cla oposici\u00f3n financiaba las protestas\u201d durante sus gobiernos. Sin embargo, evit\u00f3 recordar que los principales referentes del movimiento piquetero fueron hist\u00f3ricos aliados pol\u00edticos suyos, fueron funcionarios y en cada elecci\u00f3n integraron lista de candidatos de los respectivos frentes oficialistas.<\/p>\n","protected":false},"excerpt":{"rendered":"<p>El trigobernador: Jorge Capitanich, volvi\u00f3 a elogiar la gesti\u00f3n de su sucesor al frente del Poder Ejecutivo: el radical Leandro Zdero, por haberle puesto fin a los piquetes en calles y rutas de toda la provincia. Esta modalidad de protesta caracteriz\u00f3 a las 3 gestiones de Capitanich, y a la de su partidario Domingo Peppo, [&hellip;]<\/p>\n","protected":false},"author":1,"featured_media":7221,"comment_status":"open","ping_status":"open","sticky":false,"template":"","format":"standard","meta":{"footnotes":""},"categories":[27],"tags":[5329,29,5328,682,244,5327,241,692,49,1399,921],"class_list":["post-12386","post","type-post","status-publish","format-standard","has-post-thumbnail","hentry","category-politica","tag-aquiles","tag-capitanich","tag-chacotv","tag-diputado","tag-gobernador","tag-nortetv","tag-peppo","tag-piquetes","tag-resistencia","tag-senador","tag-zdero"],"_links":{"self":[{"href":"https:\/\/hdpnoticias.com.ar\/index.php?rest_route=\/wp\/v2\/posts\/12386","targetHints":{"allow":["GET"]}}],"collection":[{"href":"https:\/\/hdpnoticias.com.ar\/index.php?rest_route=\/wp\/v2\/posts"}],"about":[{"href":"https:\/\/hdpnoticias.com.ar\/index.php?rest_route=\/wp\/v2\/types\/post"}],"author":[{"embeddable":true,"href":"https:\/\/hdpnoticias.com.ar\/index.php?rest_route=\/wp\/v2\/users\/1"}],"replies":[{"embeddable":true,"href":"https:\/\/hdpnoticias.com.ar\/index.php?rest_route=%2Fwp%2Fv2%2Fcomments&post=12386"}],"version-history":[{"count":4,"href":"https:\/\/hdpnoticias.com.ar\/index.php?rest_route=\/wp\/v2\/posts\/12386\/revisions"}],"predecessor-version":[{"id":12392,"href":"https:\/\/hdpnoticias.com.ar\/index.php?rest_route=\/wp\/v2\/posts\/12386\/revisions\/12392"}],"wp:featuredmedia":[{"embeddable":true,"href":"https:\/\/hdpnoticias.com.ar\/index.php?rest_route=\/wp\/v2\/media\/7221"}],"wp:attachment":[{"href":"https:\/\/hdpnoticias.com.ar\/index.php?rest_route=%2Fwp%2Fv2%2Fmedia&parent=12386"}],"wp:term":[{"taxonomy":"category","embeddable":true,"href":"https:\/\/hdpnoticias.com.ar\/index.php?rest_route=%2Fwp%2Fv2%2Fcategories&post=12386"},{"taxonomy":"post_tag","embeddable":true,"href":"https:\/\/hdpnoticias.com.ar\/index.php?rest_route=%2Fwp%2Fv2%2Ftags&post=12386"}],"curies":[{"name":"wp","href":"https:\/\/api.w.org\/{rel}","templated":true}]}}