{"id":12379,"date":"2025-10-11T21:27:00","date_gmt":"2025-10-12T00:27:00","guid":{"rendered":"https:\/\/hdpnoticias.com.ar\/?p=12379"},"modified":"2025-10-12T10:31:19","modified_gmt":"2025-10-12T13:31:19","slug":"tras-9-dias-de-agonia-murio-el-policia-atropellado-en-resistencia","status":"publish","type":"post","link":"https:\/\/hdpnoticias.com.ar\/?p=12379","title":{"rendered":"Tras 9 d\u00edas de agon\u00eda muri\u00f3 el polic\u00eda atropellado en Resistencia"},"content":{"rendered":"\n<figure class=\"wp-block-image size-full\"><img loading=\"lazy\" decoding=\"async\" width=\"720\" height=\"90\" src=\"http:\/\/hdpnoticias.com.ar\/wp-content\/uploads\/2024\/05\/Copy-of-720x90-1.gif\" alt=\"\" class=\"wp-image-6806\"\/><\/figure>\n\n\n\n<p>El pasado 2 de octubre, \u00c1ngel Pe\u00f1a, un efectivo de la Polic\u00eda del Chaco, de 26 a\u00f1os, circulaba en motocicleta cuando fue embestido por una vieja Ford F-100 en la esquina de la avenida Belgrano y la calle Garc\u00eda Merou, en Resistencia.<\/p>\n\n\n\n<p>Sufri\u00f3 severas lesiones, fue auxiliado y trasladado al hospital Perrando, donde muri\u00f3 este s\u00e1bado 11 a causa de \u201cfallo multiorg\u00e1nico, shock s\u00e9ptico y politraumatismos\u201d.<\/p>\n\n\n\n<p>El conductor de la camioneta, de 42 a\u00f1os, escap\u00f3 del lugar, pero se present\u00f3 voluntariamente al d\u00eda siguiente. El desenlace fatal del siniestro hizo virar la causa de \u201clesiones graves\u201d a \u201chomicidio culposo\u201d.<\/p>\n\n\n\n<p>Pe\u00f1a resid\u00eda en Lapachito y prestaba servicio en la comisar\u00eda de La Verde.<\/p>\n","protected":false},"excerpt":{"rendered":"<p>El pasado 2 de octubre, \u00c1ngel Pe\u00f1a, un efectivo de la Polic\u00eda del Chaco, de 26 a\u00f1os, circulaba en motocicleta cuando fue embestido por una vieja Ford F-100 en la esquina de la avenida Belgrano y la calle Garc\u00eda Merou, en Resistencia. Sufri\u00f3 severas lesiones, fue auxiliado y trasladado al hospital Perrando, donde muri\u00f3 este [&hellip;]<\/p>\n","protected":false},"author":1,"featured_media":12380,"comment_status":"open","ping_status":"open","sticky":false,"template":"","format":"standard","meta":{"footnotes":""},"categories":[26],"tags":[322,5325,624,5326,40,55,49],"class_list":["post-12379","post","type-post","status-publish","format-standard","has-post-thumbnail","hentry","category-policiales","tag-accidente","tag-f-100","tag-ford","tag-homicidio-culposo","tag-perrando","tag-policia","tag-resistencia"],"_links":{"self":[{"href":"https:\/\/hdpnoticias.com.ar\/index.php?rest_route=\/wp\/v2\/posts\/12379","targetHints":{"allow":["GET"]}}],"collection":[{"href":"https:\/\/hdpnoticias.com.ar\/index.php?rest_route=\/wp\/v2\/posts"}],"about":[{"href":"https:\/\/hdpnoticias.com.ar\/index.php?rest_route=\/wp\/v2\/types\/post"}],"author":[{"embeddable":true,"href":"https:\/\/hdpnoticias.com.ar\/index.php?rest_route=\/wp\/v2\/users\/1"}],"replies":[{"embeddable":true,"href":"https:\/\/hdpnoticias.com.ar\/index.php?rest_route=%2Fwp%2Fv2%2Fcomments&post=12379"}],"version-history":[{"count":1,"href":"https:\/\/hdpnoticias.com.ar\/index.php?rest_route=\/wp\/v2\/posts\/12379\/revisions"}],"predecessor-version":[{"id":12381,"href":"https:\/\/hdpnoticias.com.ar\/index.php?rest_route=\/wp\/v2\/posts\/12379\/revisions\/12381"}],"wp:featuredmedia":[{"embeddable":true,"href":"https:\/\/hdpnoticias.com.ar\/index.php?rest_route=\/wp\/v2\/media\/12380"}],"wp:attachment":[{"href":"https:\/\/hdpnoticias.com.ar\/index.php?rest_route=%2Fwp%2Fv2%2Fmedia&parent=12379"}],"wp:term":[{"taxonomy":"category","embeddable":true,"href":"https:\/\/hdpnoticias.com.ar\/index.php?rest_route=%2Fwp%2Fv2%2Fcategories&post=12379"},{"taxonomy":"post_tag","embeddable":true,"href":"https:\/\/hdpnoticias.com.ar\/index.php?rest_route=%2Fwp%2Fv2%2Ftags&post=12379"}],"curies":[{"name":"wp","href":"https:\/\/api.w.org\/{rel}","templated":true}]}}