{"id":12355,"date":"2025-10-08T21:27:01","date_gmt":"2025-10-09T00:27:01","guid":{"rendered":"https:\/\/hdpnoticias.com.ar\/?p=12355"},"modified":"2025-10-08T21:35:24","modified_gmt":"2025-10-09T00:35:24","slug":"pj-sin-internas-partidarias-capitanich-armara-una-lista-de-consenso","status":"publish","type":"post","link":"https:\/\/hdpnoticias.com.ar\/?p=12355","title":{"rendered":"PJ sin internas partidarias: Capitanich armar\u00e1 una \u201clista de consenso\u201d"},"content":{"rendered":"\n<figure class=\"wp-block-image size-full\"><img loading=\"lazy\" decoding=\"async\" width=\"720\" height=\"90\" src=\"http:\/\/hdpnoticias.com.ar\/wp-content\/uploads\/2024\/05\/Copy-of-720x90-1.gif\" alt=\"\" class=\"wp-image-6806\"\/><\/figure>\n\n\n\n<p>La primera semana de febrero el Partido Justicialista reuni\u00f3 a las autoridades del Consejo Provincial que entonces respond\u00edan al exgobernador Jorge Capitanich, m\u00e1s otros dirigentes, intendentes y legisladores coquistas, para <strong><a href=\"https:\/\/hdpnoticias.com.ar\/?p=10182\">cerrar definitivamente la posibilidad de convocar a elecciones internas<\/a><\/strong> para definir candidaturas a diputados provinciales.<\/p>\n\n\n\n<p>En el mismo acto, ungieron al mismo Capitanich, segundado por la <strong><a href=\"https:\/\/hdpnoticias.com.ar\/?p=11474\">titular del Congreso Provincial: Claudia Panzardi<\/a><\/strong>, y otros referentes partidarios, a conformar una mesa en la que se definan las candidaturas.<\/p>\n\n\n\n<p>Paralelamente, y ante la proximidad del vencimiento del mandato de las autoridades partidarias, resolvieron prorrogar los t\u00e9rminos y posponer la elecci\u00f3n interna partidaria para el 16 de noviembre pr\u00f3ximo.<\/p>\n\n\n\n<p>En aquel momento el argumento fue evitar el debate interno partidario que podr\u00eda generar un desgaste in\u00fatil en medio de un cronograma electoral que entonces ten\u00eda 3 convocatorias, ya que a\u00fan no hab\u00edan sido suspendidas las primarias nacionales.<\/p>\n\n\n\n<p>En frente, el sector integrado por los diputados Atlanto Honcheruk y Juan Carlos Ayala, y la intendente de Barranqueras: Magda Ayala, entre otros, reclamaba internas y la negativa los llev\u00f3 a presentar su <strong><a href=\"https:\/\/hdpnoticias.com.ar\/?p=11186\">propia lista de candidatos: Primero Chaco, encabezada por \u201cPepe y Magda\u201d<\/a><\/strong>.<\/p>\n\n\n\n<p><strong><a href=\"https:\/\/hdpnoticias.com.ar\/?p=10202\">Desde el coquismo aseveraban que los plazos para la convocatoria para las provinciales de mayo ya estaban vencidos, pero a\u00fan con varios meses de ventaja, tampoco hubo internas para las nacionales de octubre.<\/a><\/strong><\/p>\n\n\n\n<p>Ahora, entrevistado en Pulso Pol\u00edtico, en Norte TV, Capitanich dej\u00f3 en claro que no habr\u00e1 elecciones partidarias el 16 de noviembre, como hab\u00eda sido programado.<\/p>\n\n\n\n<p>Y dijo que apostar\u00e1n todo a una \u201clista de consenso\u201d que se integrar\u00e1 proporcionalmente conforme a los resultados de las legislativas provinciales del 11 de mayo: \u201c75-25\u201d, grafic\u00f3, en obvia alusi\u00f3n a los resultados obtenidos por su frente Chaco Merece M\u00e1s, y Primero Chaco.<\/p>\n\n\n\n<p>Esto, seg\u00fan cont\u00f3, ya fue acordado con este sector en el marco de \u201cla unidad\u201d que llev\u00f3 a \u00e9l y a la intendente Ayala a integrar la misma lista como candidatos a senadores, a pesar de haber sido ya electos diputados provinciales.<\/p>\n","protected":false},"excerpt":{"rendered":"<p>La primera semana de febrero el Partido Justicialista reuni\u00f3 a las autoridades del Consejo Provincial que entonces respond\u00edan al exgobernador Jorge Capitanich, m\u00e1s otros dirigentes, intendentes y legisladores coquistas, para cerrar definitivamente la posibilidad de convocar a elecciones internas para definir candidaturas a diputados provinciales. En el mismo acto, ungieron al mismo Capitanich, segundado por [&hellip;]<\/p>\n","protected":false},"author":1,"featured_media":12356,"comment_status":"open","ping_status":"open","sticky":false,"template":"","format":"standard","meta":{"footnotes":""},"categories":[27],"tags":[392,29,2713,246,1523,247,1881,248],"class_list":["post-12355","post","type-post","status-publish","format-standard","has-post-thumbnail","hentry","category-politica","tag-ayala","tag-capitanich","tag-coquismo","tag-elecciones","tag-honcheruk","tag-internas","tag-magda","tag-pj"],"_links":{"self":[{"href":"https:\/\/hdpnoticias.com.ar\/index.php?rest_route=\/wp\/v2\/posts\/12355","targetHints":{"allow":["GET"]}}],"collection":[{"href":"https:\/\/hdpnoticias.com.ar\/index.php?rest_route=\/wp\/v2\/posts"}],"about":[{"href":"https:\/\/hdpnoticias.com.ar\/index.php?rest_route=\/wp\/v2\/types\/post"}],"author":[{"embeddable":true,"href":"https:\/\/hdpnoticias.com.ar\/index.php?rest_route=\/wp\/v2\/users\/1"}],"replies":[{"embeddable":true,"href":"https:\/\/hdpnoticias.com.ar\/index.php?rest_route=%2Fwp%2Fv2%2Fcomments&post=12355"}],"version-history":[{"count":3,"href":"https:\/\/hdpnoticias.com.ar\/index.php?rest_route=\/wp\/v2\/posts\/12355\/revisions"}],"predecessor-version":[{"id":12360,"href":"https:\/\/hdpnoticias.com.ar\/index.php?rest_route=\/wp\/v2\/posts\/12355\/revisions\/12360"}],"wp:featuredmedia":[{"embeddable":true,"href":"https:\/\/hdpnoticias.com.ar\/index.php?rest_route=\/wp\/v2\/media\/12356"}],"wp:attachment":[{"href":"https:\/\/hdpnoticias.com.ar\/index.php?rest_route=%2Fwp%2Fv2%2Fmedia&parent=12355"}],"wp:term":[{"taxonomy":"category","embeddable":true,"href":"https:\/\/hdpnoticias.com.ar\/index.php?rest_route=%2Fwp%2Fv2%2Fcategories&post=12355"},{"taxonomy":"post_tag","embeddable":true,"href":"https:\/\/hdpnoticias.com.ar\/index.php?rest_route=%2Fwp%2Fv2%2Ftags&post=12355"}],"curies":[{"name":"wp","href":"https:\/\/api.w.org\/{rel}","templated":true}]}}