{"id":12344,"date":"2025-10-07T10:09:00","date_gmt":"2025-10-07T13:09:00","guid":{"rendered":"https:\/\/hdpnoticias.com.ar\/?p=12344"},"modified":"2025-10-07T22:21:10","modified_gmt":"2025-10-08T01:21:10","slug":"fontana-le-fiaron-droga-y-le-cobraron-la-cuenta-a-machetazos","status":"publish","type":"post","link":"https:\/\/hdpnoticias.com.ar\/?p=12344","title":{"rendered":"Fontana: le fiaron droga y le cobraron la cuenta a machetazos"},"content":{"rendered":"\n<figure class=\"wp-block-image size-full\"><img loading=\"lazy\" decoding=\"async\" width=\"720\" height=\"90\" src=\"http:\/\/hdpnoticias.com.ar\/wp-content\/uploads\/2024\/05\/Copy-of-720x90-1.gif\" alt=\"\" class=\"wp-image-6806\"\/><\/figure>\n\n\n\n<p>La madrugada de este martes un hombre de 27 a\u00f1os, domiciliado en Puerto Tirol, estaba en la plaza de Puerto Vicentini, cuando fue abordado por otros 2 sujetos que llegaron a bordo de una Rousser Bajaj de 200cc.<\/p>\n\n\n\n<p>Al observarlos advirti\u00f3 que eran conocidos suyos. El acompa\u00f1ante descendi\u00f3 blandiendo un machete y sin mediar demasiadas palabras comenz\u00f3 a asestarle machetazos lesion\u00e1ndolo en la mano derecha.<\/p>\n\n\n\n<p>Por sus propios medios lleg\u00f3 al Centro de Salud R\u00edo Araz\u00e1, desde donde fue derivado al hospital Perrando, por la gravedad de las lesiones: \u201cheridas cortantes con compromiso \u00f3seo y de tendones expuestos\u201d.<\/p>\n\n\n\n<p>Al arribo de una comisi\u00f3n policial, identific\u00f3 al agresor como \u201cCholi\u201d, domiciliado en el barrio G\u00fcemes, de Fontana, al igual que el conductor de la moto.<\/p>\n\n\n\n<p>Seg\u00fan dijo, cree que lo atacaron por una deuda que mantiene con ellos por el suministro de estupefacientes.<\/p>\n\n\n\n<p>Anoticiado del hecho, el fiscal Francisco As\u00eds de Obald\u00eda Eyseric orden\u00f3 la detenci\u00f3n de los motociclistas que lo atacaron, lo que se logr\u00f3 en horas de la ma\u00f1ana, y tambi\u00e9n fue secuestrado el machete.<\/p>\n\n\n\n<p><\/p>\n","protected":false},"excerpt":{"rendered":"<p>La madrugada de este martes un hombre de 27 a\u00f1os, domiciliado en Puerto Tirol, estaba en la plaza de Puerto Vicentini, cuando fue abordado por otros 2 sujetos que llegaron a bordo de una Rousser Bajaj de 200cc. Al observarlos advirti\u00f3 que eran conocidos suyos. El acompa\u00f1ante descendi\u00f3 blandiendo un machete y sin mediar demasiadas [&hellip;]<\/p>\n","protected":false},"author":1,"featured_media":12345,"comment_status":"open","ping_status":"open","sticky":false,"template":"","format":"standard","meta":{"footnotes":""},"categories":[26],"tags":[3122,493,75,1526,40,55,2237],"class_list":["post-12344","post","type-post","status-publish","format-standard","has-post-thumbnail","hentry","category-policiales","tag-bajaj","tag-drogas","tag-fontana","tag-machete","tag-perrando","tag-policia","tag-rousser"],"_links":{"self":[{"href":"https:\/\/hdpnoticias.com.ar\/index.php?rest_route=\/wp\/v2\/posts\/12344","targetHints":{"allow":["GET"]}}],"collection":[{"href":"https:\/\/hdpnoticias.com.ar\/index.php?rest_route=\/wp\/v2\/posts"}],"about":[{"href":"https:\/\/hdpnoticias.com.ar\/index.php?rest_route=\/wp\/v2\/types\/post"}],"author":[{"embeddable":true,"href":"https:\/\/hdpnoticias.com.ar\/index.php?rest_route=\/wp\/v2\/users\/1"}],"replies":[{"embeddable":true,"href":"https:\/\/hdpnoticias.com.ar\/index.php?rest_route=%2Fwp%2Fv2%2Fcomments&post=12344"}],"version-history":[{"count":1,"href":"https:\/\/hdpnoticias.com.ar\/index.php?rest_route=\/wp\/v2\/posts\/12344\/revisions"}],"predecessor-version":[{"id":12346,"href":"https:\/\/hdpnoticias.com.ar\/index.php?rest_route=\/wp\/v2\/posts\/12344\/revisions\/12346"}],"wp:featuredmedia":[{"embeddable":true,"href":"https:\/\/hdpnoticias.com.ar\/index.php?rest_route=\/wp\/v2\/media\/12345"}],"wp:attachment":[{"href":"https:\/\/hdpnoticias.com.ar\/index.php?rest_route=%2Fwp%2Fv2%2Fmedia&parent=12344"}],"wp:term":[{"taxonomy":"category","embeddable":true,"href":"https:\/\/hdpnoticias.com.ar\/index.php?rest_route=%2Fwp%2Fv2%2Fcategories&post=12344"},{"taxonomy":"post_tag","embeddable":true,"href":"https:\/\/hdpnoticias.com.ar\/index.php?rest_route=%2Fwp%2Fv2%2Ftags&post=12344"}],"curies":[{"name":"wp","href":"https:\/\/api.w.org\/{rel}","templated":true}]}}