{"id":12328,"date":"2025-10-05T23:24:00","date_gmt":"2025-10-06T02:24:00","guid":{"rendered":"https:\/\/hdpnoticias.com.ar\/?p=12328"},"modified":"2025-10-06T07:09:09","modified_gmt":"2025-10-06T10:09:09","slug":"capitanich-el-segundo-acueducto-y-el-pavimento-de-la-9-de-julio-los-terminamos-nosotros","status":"publish","type":"post","link":"https:\/\/hdpnoticias.com.ar\/?p=12328","title":{"rendered":"Capitanich: El Segundo Acueducto y el pavimento de la 9 de Julio los terminamos nosotros"},"content":{"rendered":"\n<figure class=\"wp-block-image size-full\"><img loading=\"lazy\" decoding=\"async\" width=\"728\" height=\"90\" src=\"http:\/\/hdpnoticias.com.ar\/wp-content\/uploads\/2024\/05\/Nachec.gif\" alt=\"\" class=\"wp-image-6814\"\/><\/figure>\n\n\n\n<p>El Segundo Acueducto del Interior fue prometido en 2004 por el entonces presidente N\u00e9stor Kirchner, que en un acto en Presidencia Roque S\u00e1enz Pe\u00f1a lo consider\u00f3 \u201cuna reparaci\u00f3n hist\u00f3rica\u201d.<\/p>\n\n\n\n<p>La obra fue licitada en 2009 y los trabajos comenzaron en 2011 pero con financiamiento internacional a costa de la Provincia. Debi\u00f3 estar concluido en 2014, pero aunque hubo varias \u201cinauguraciones parciales\u201d los plazos de ejecuci\u00f3n no se cumplieron y el cr\u00e9dito \u201ccay\u00f3\u201d. <\/p>\n\n\n\n<p>La obra fue retomada durante la gobernaci\u00f3n de Domingo Peppo con financiamiento compartido \u201c70-30\u201d con el Gobierno nacional encabezado por Mauricio Macri, para lo que la Provincia volvi\u00f3 a endeudarse. En aquel momento Jorge Capitanich, gobernador saliente, dijo que el acueducto ten\u00eda un avance del 85%, que finalmente fue calculado en 65%.<\/p>\n\n\n\n<p>Peppo tampoco logr\u00f3 concluir la obra, que volvi\u00f3 a paralizarse. Y lo mismo ocurri\u00f3 durante el tercer gobierno de Capitanich. No obstante, d\u00edas antes de dejar la gobernaci\u00f3n, \u00e9ste volvi\u00f3 a inaugurarlo rodeado de un pu\u00f1ado de funcionarios en la planta potabilizadora de Barranqueras.<\/p>\n\n\n\n<p>Al asumir el actual gobernador Leandro Zdero, los equipos t\u00e9cnicos relevaron que los trabajos ejecutados apenas superaban el 80%. Y finalmente firm\u00f3 un acuerdo con la Naci\u00f3n para concluir el Segundo Acueducto con fondos nacionales: unos 80 mil millones de pesos. El acta de inicio de obra fue firmado el pasado 3 de septiembre.<\/p>\n\n\n\n<p>Ahora Capitanich, recientemente electo diputado provincial y ya lanzado como candidato a senador, en gira de campa\u00f1a, se atribuy\u00f3 una vez m\u00e1s la conclusi\u00f3n de la obra: \u201cNo pod\u00e9s desconocer que el Segundo Acueducto del interior lo terminamos nosotros\u201d, dijo, entrevistado en Chaco TV Stream. Antes hab\u00eda asegurado en La Radio y Somos Uno que si qued\u00f3 algo pendiente eran \u201cminucias\u201d.<\/p>\n\n\n\n<p>Adem\u00e1s del acueducto, tambi\u00e9n asever\u00f3 haber concluido la pavimentaci\u00f3n de la avenida Edison, en la zona sur de Resistencia, que hab\u00eda sido paralizada a mitad de camino el \u00faltimo a\u00f1o de su mandato, y la repavimentaci\u00f3n de la avenida 9 de Julio en Resistencia y Barranqueras, obra que comenz\u00f3 en julio de 2024 y est\u00e1 en proceso de ejecuci\u00f3n.<\/p>\n\n\n\n<iframe loading=\"lazy\" src=\"https:\/\/www.facebook.com\/plugins\/video.php?height=327&#038;href=https%3A%2F%2Fbusiness.facebook.com%2Freel%2F846855558031401%2F&#038;show_text=false&#038;width=560&#038;t=0\" width=\"560\" height=\"327\" style=\"border:none;overflow:hidden\" scrolling=\"no\" frameborder=\"0\" allowfullscreen=\"true\" allow=\"autoplay; clipboard-write; encrypted-media; picture-in-picture; web-share\" allowFullScreen=\"true\"><\/iframe>\n\n\n","protected":false},"excerpt":{"rendered":"<p>El Segundo Acueducto del Interior fue prometido en 2004 por el entonces presidente N\u00e9stor Kirchner, que en un acto en Presidencia Roque S\u00e1enz Pe\u00f1a lo consider\u00f3 \u201cuna reparaci\u00f3n hist\u00f3rica\u201d. La obra fue licitada en 2009 y los trabajos comenzaron en 2011 pero con financiamiento internacional a costa de la Provincia. Debi\u00f3 estar concluido en 2014, [&hellip;]<\/p>\n","protected":false},"author":1,"featured_media":12329,"comment_status":"open","ping_status":"open","sticky":false,"template":"","format":"standard","meta":{"footnotes":""},"categories":[27],"tags":[418,29,37,682,195,1319,241,1399,921],"class_list":["post-12328","post","type-post","status-publish","format-standard","has-post-thumbnail","hentry","category-politica","tag-acueducto","tag-capitanich","tag-chaco","tag-diputado","tag-macri","tag-milei","tag-peppo","tag-senador","tag-zdero"],"_links":{"self":[{"href":"https:\/\/hdpnoticias.com.ar\/index.php?rest_route=\/wp\/v2\/posts\/12328","targetHints":{"allow":["GET"]}}],"collection":[{"href":"https:\/\/hdpnoticias.com.ar\/index.php?rest_route=\/wp\/v2\/posts"}],"about":[{"href":"https:\/\/hdpnoticias.com.ar\/index.php?rest_route=\/wp\/v2\/types\/post"}],"author":[{"embeddable":true,"href":"https:\/\/hdpnoticias.com.ar\/index.php?rest_route=\/wp\/v2\/users\/1"}],"replies":[{"embeddable":true,"href":"https:\/\/hdpnoticias.com.ar\/index.php?rest_route=%2Fwp%2Fv2%2Fcomments&post=12328"}],"version-history":[{"count":3,"href":"https:\/\/hdpnoticias.com.ar\/index.php?rest_route=\/wp\/v2\/posts\/12328\/revisions"}],"predecessor-version":[{"id":12333,"href":"https:\/\/hdpnoticias.com.ar\/index.php?rest_route=\/wp\/v2\/posts\/12328\/revisions\/12333"}],"wp:featuredmedia":[{"embeddable":true,"href":"https:\/\/hdpnoticias.com.ar\/index.php?rest_route=\/wp\/v2\/media\/12329"}],"wp:attachment":[{"href":"https:\/\/hdpnoticias.com.ar\/index.php?rest_route=%2Fwp%2Fv2%2Fmedia&parent=12328"}],"wp:term":[{"taxonomy":"category","embeddable":true,"href":"https:\/\/hdpnoticias.com.ar\/index.php?rest_route=%2Fwp%2Fv2%2Fcategories&post=12328"},{"taxonomy":"post_tag","embeddable":true,"href":"https:\/\/hdpnoticias.com.ar\/index.php?rest_route=%2Fwp%2Fv2%2Ftags&post=12328"}],"curies":[{"name":"wp","href":"https:\/\/api.w.org\/{rel}","templated":true}]}}