{"id":12322,"date":"2025-10-04T05:37:00","date_gmt":"2025-10-04T08:37:00","guid":{"rendered":"https:\/\/hdpnoticias.com.ar\/?p=12322"},"modified":"2025-10-05T17:53:43","modified_gmt":"2025-10-05T20:53:43","slug":"robaron-un-camion-de-la-municipalidad-de-saenz-pena-y-viajaron-a-fontana","status":"publish","type":"post","link":"https:\/\/hdpnoticias.com.ar\/?p=12322","title":{"rendered":"Robaron un cami\u00f3n de la Municipalidad de S\u00e1enz Pe\u00f1a y viajaron a Fontana"},"content":{"rendered":"\n<figure class=\"wp-block-image size-full\"><img loading=\"lazy\" decoding=\"async\" width=\"720\" height=\"90\" src=\"http:\/\/hdpnoticias.com.ar\/wp-content\/uploads\/2024\/05\/Obras-Publicas.gif\" alt=\"\" class=\"wp-image-6818\"\/><\/figure>\n\n\n\n<p>La ma\u00f1ana de este s\u00e1bado personal de la Municipalidad de Presidencia Roque S\u00e1enz Pe\u00f1a advirti\u00f3 la ausencia de un cami\u00f3n Mercedes Benz Atron, con semirremolque batea, por lo que alertaron r\u00e1pidamente a la Polic\u00eda.<\/p>\n\n\n\n<p>El dispositivo de geolocalizaci\u00f3n ubic\u00f3 el veh\u00edculo en la zona del Gran Resistencia, por lo que el caso fue reportado a las unidades metropolitanas.<\/p>\n\n\n\n<p>Ya con mayor precisi\u00f3n del rastreador, los polic\u00edas lo encontraron en la avenida 25 de Mayo 4951, en Fontana.<\/p>\n\n\n\n<p>Ah\u00ed entrevistaron a su conductor: Ariel Ram\u00edrez Fern\u00e1ndez, de 40 a\u00f1os, domiciliado en el barrio San Cayetano, en la zona sur de la Ciudad Termal, que fue inmediatamente detenido.<\/p>\n\n\n\n<p>El cami\u00f3n no presentaba da\u00f1os y el fiscal en turno dispuso su restituci\u00f3n a la Municipalidad.<\/p>\n\n\n\n<p><\/p>\n","protected":false},"excerpt":{"rendered":"<p>La ma\u00f1ana de este s\u00e1bado personal de la Municipalidad de Presidencia Roque S\u00e1enz Pe\u00f1a advirti\u00f3 la ausencia de un cami\u00f3n Mercedes Benz Atron, con semirremolque batea, por lo que alertaron r\u00e1pidamente a la Polic\u00eda. El dispositivo de geolocalizaci\u00f3n ubic\u00f3 el veh\u00edculo en la zona del Gran Resistencia, por lo que el caso fue reportado a [&hellip;]<\/p>\n","protected":false},"author":1,"featured_media":12323,"comment_status":"open","ping_status":"open","sticky":false,"template":"","format":"standard","meta":{"footnotes":""},"categories":[26],"tags":[215,75,127,95,126],"class_list":["post-12322","post","type-post","status-publish","format-standard","has-post-thumbnail","hentry","category-policiales","tag-camion","tag-fontana","tag-mercedes-benz","tag-saenz-pena","tag-san-cayetano"],"_links":{"self":[{"href":"https:\/\/hdpnoticias.com.ar\/index.php?rest_route=\/wp\/v2\/posts\/12322","targetHints":{"allow":["GET"]}}],"collection":[{"href":"https:\/\/hdpnoticias.com.ar\/index.php?rest_route=\/wp\/v2\/posts"}],"about":[{"href":"https:\/\/hdpnoticias.com.ar\/index.php?rest_route=\/wp\/v2\/types\/post"}],"author":[{"embeddable":true,"href":"https:\/\/hdpnoticias.com.ar\/index.php?rest_route=\/wp\/v2\/users\/1"}],"replies":[{"embeddable":true,"href":"https:\/\/hdpnoticias.com.ar\/index.php?rest_route=%2Fwp%2Fv2%2Fcomments&post=12322"}],"version-history":[{"count":1,"href":"https:\/\/hdpnoticias.com.ar\/index.php?rest_route=\/wp\/v2\/posts\/12322\/revisions"}],"predecessor-version":[{"id":12324,"href":"https:\/\/hdpnoticias.com.ar\/index.php?rest_route=\/wp\/v2\/posts\/12322\/revisions\/12324"}],"wp:featuredmedia":[{"embeddable":true,"href":"https:\/\/hdpnoticias.com.ar\/index.php?rest_route=\/wp\/v2\/media\/12323"}],"wp:attachment":[{"href":"https:\/\/hdpnoticias.com.ar\/index.php?rest_route=%2Fwp%2Fv2%2Fmedia&parent=12322"}],"wp:term":[{"taxonomy":"category","embeddable":true,"href":"https:\/\/hdpnoticias.com.ar\/index.php?rest_route=%2Fwp%2Fv2%2Fcategories&post=12322"},{"taxonomy":"post_tag","embeddable":true,"href":"https:\/\/hdpnoticias.com.ar\/index.php?rest_route=%2Fwp%2Fv2%2Ftags&post=12322"}],"curies":[{"name":"wp","href":"https:\/\/api.w.org\/{rel}","templated":true}]}}