{"id":12313,"date":"2025-10-04T08:07:00","date_gmt":"2025-10-04T11:07:00","guid":{"rendered":"https:\/\/hdpnoticias.com.ar\/?p=12313"},"modified":"2025-10-04T21:20:30","modified_gmt":"2025-10-05T00:20:30","slug":"femicidio-de-cecilia-para-capitanich-fue-una-operacion-para-sacarlo-de-la-carrera-presidencial","status":"publish","type":"post","link":"https:\/\/hdpnoticias.com.ar\/?p=12313","title":{"rendered":"Femicidio de Cecilia: para Capitanich fue una operaci\u00f3n para sacarlo de la carrera presidencial"},"content":{"rendered":"\n<figure class=\"wp-block-image size-full\"><img loading=\"lazy\" decoding=\"async\" width=\"728\" height=\"90\" src=\"http:\/\/hdpnoticias.com.ar\/wp-content\/uploads\/2024\/05\/Nachec.gif\" alt=\"\" class=\"wp-image-6814\"\/><\/figure>\n\n\n\n<p>El exgobernador Jorge Capitanich, diputado provincial electo en mayo pasado y ahora candidato a senador para las elecciones del 26 de octubre, de gira por los medios de comunicaci\u00f3n, actualiz\u00f3 su versi\u00f3n del femicidio de Cecilia Strzyzowski, por el que est\u00e1n detenidos C\u00e9sar Sena, imputado de autor, y sus padres, los dirigentes sociales Emerenciano Sena y Marcela Acu\u00f1a, como part\u00edcipes necesarios.<\/p>\n\n\n\n<p>El crimen fue perpetrado el 2 de junio de 2023. Ese d\u00eda Cecilia fue grabada por una c\u00e1mara de seguridad ingresando a la casa de la familia Sena, de donde nunca sali\u00f3.<\/p>\n\n\n\n<p>Fue en el tramo final de la campa\u00f1a para las elecciones primarias, abiertas, simult\u00e1neas y obligatorias del 18 de junio, en las que <strong><a href=\"https:\/\/hdpnoticias.com.ar\/?p=2746\">Emerenciano encabezaba una de las listas del Frente Chaque\u00f1o de Capitanich, y Marcela era candidata a intendente de Resistencia. Adem\u00e1s, sus manos derechas Gustavo Obreg\u00f3n y Fabiana Gonz\u00e1lez, ahora imputados de encubrimiento, eran candidatos a diputado y concejal, respectivamente<\/a><\/strong>.<\/p>\n\n\n\n<p>Una semana despu\u00e9s fueron detenidos. Reci\u00e9n entonces Capitanich reaccion\u00f3 y pidi\u00f3 al Tribunal Electoral eliminar sus candidaturas.<\/p>\n\n\n\n<p>Desde ese momento el exgobernador ven\u00eda denunciando que sus detractores hab\u00edan utilizado el crimen para desacreditarlo y frustrar su reelecci\u00f3n y cuarto mandato al frente del Poder Ejecutivo provincial, lo que finalmente pas\u00f3 cuando <strong><a href=\"https:\/\/hdpnoticias.com.ar\/?p=4444\">cay\u00f3 derrotado en primera vuelta por Leandro Zdero<\/a><\/strong>.<\/p>\n\n\n\n<p>Pero ahora, fue m\u00e1s all\u00e1 y, entrevistado en el canal de streaming Chaco TV, denunci\u00f3 que \u201cese caso tiene connotaciones de servicio de inteligencia con esquema de fuerza amigo-enemigo\u201d, y que ten\u00eda por finalidad provocarle un \u201cdesgaste pol\u00edtico\u201d para arruinarlo como candidato presidencial.<\/p>\n\n\n\n<p>Seg\u00fan \u00e9l, era el candidato puesto para la Presidencia de la Naci\u00f3n ese mismo a\u00f1o.<\/p>\n\n\n\n<p>Esta retrospectiva sorprendi\u00f3 a todos, ya que en 2023, a pesar de sus insistentes incursiones por medios nacionales exponiendo su proyecto de pa\u00eds, y su estrecho acercamiento al n\u00facleo duro del kirchnerismo, su nombre nunca son\u00f3 como presidenciable.<\/p>\n\n\n\n<p>Finalmente el 28 de junio Cristina Fern\u00e1ndez lanz\u00f3 a Sergio Massa como candidato. Ahora, la denuncia de Capitanich, al mencionar a los \u201cservicios de inteligencia\u201d, y a los \u201cenemigos de adentro\u201d, apunta tambi\u00e9n, aunque t\u00e1citamente, al entonces superministro Massa y al presidente Alberto Fern\u00e1ndez, entre otros.<\/p>\n\n\n\n<iframe loading=\"lazy\" src=\"https:\/\/www.facebook.com\/plugins\/video.php?height=371&#038;href=https%3A%2F%2Fbusiness.facebook.com%2Freel%2F1513953236287082%2F&#038;show_text=true&#038;width=560&#038;t=0\" width=\"560\" height=\"486\" style=\"border:none;overflow:hidden\" scrolling=\"no\" frameborder=\"0\" allowfullscreen=\"true\" allow=\"autoplay; clipboard-write; encrypted-media; picture-in-picture; web-share\" allowFullScreen=\"true\"><\/iframe>\n\n\n\n<p><\/p>\n","protected":false},"excerpt":{"rendered":"<p>El exgobernador Jorge Capitanich, diputado provincial electo en mayo pasado y ahora candidato a senador para las elecciones del 26 de octubre, de gira por los medios de comunicaci\u00f3n, actualiz\u00f3 su versi\u00f3n del femicidio de Cecilia Strzyzowski, por el que est\u00e1n detenidos C\u00e9sar Sena, imputado de autor, y sus padres, los dirigentes sociales Emerenciano Sena [&hellip;]<\/p>\n","protected":false},"author":1,"featured_media":12314,"comment_status":"open","ping_status":"open","sticky":false,"template":"","format":"standard","meta":{"footnotes":""},"categories":[27],"tags":[29,1813,1812,453,405,1052,1787,289,454,798,3674],"class_list":["post-12313","post","type-post","status-publish","format-standard","has-post-thumbnail","hentry","category-politica","tag-capitanich","tag-cecilia","tag-cesar","tag-cristina","tag-fernandez","tag-frente-chaqueno","tag-marcela","tag-massa","tag-presidente","tag-sena","tag-servicios"],"_links":{"self":[{"href":"https:\/\/hdpnoticias.com.ar\/index.php?rest_route=\/wp\/v2\/posts\/12313","targetHints":{"allow":["GET"]}}],"collection":[{"href":"https:\/\/hdpnoticias.com.ar\/index.php?rest_route=\/wp\/v2\/posts"}],"about":[{"href":"https:\/\/hdpnoticias.com.ar\/index.php?rest_route=\/wp\/v2\/types\/post"}],"author":[{"embeddable":true,"href":"https:\/\/hdpnoticias.com.ar\/index.php?rest_route=\/wp\/v2\/users\/1"}],"replies":[{"embeddable":true,"href":"https:\/\/hdpnoticias.com.ar\/index.php?rest_route=%2Fwp%2Fv2%2Fcomments&post=12313"}],"version-history":[{"count":2,"href":"https:\/\/hdpnoticias.com.ar\/index.php?rest_route=\/wp\/v2\/posts\/12313\/revisions"}],"predecessor-version":[{"id":12317,"href":"https:\/\/hdpnoticias.com.ar\/index.php?rest_route=\/wp\/v2\/posts\/12313\/revisions\/12317"}],"wp:featuredmedia":[{"embeddable":true,"href":"https:\/\/hdpnoticias.com.ar\/index.php?rest_route=\/wp\/v2\/media\/12314"}],"wp:attachment":[{"href":"https:\/\/hdpnoticias.com.ar\/index.php?rest_route=%2Fwp%2Fv2%2Fmedia&parent=12313"}],"wp:term":[{"taxonomy":"category","embeddable":true,"href":"https:\/\/hdpnoticias.com.ar\/index.php?rest_route=%2Fwp%2Fv2%2Fcategories&post=12313"},{"taxonomy":"post_tag","embeddable":true,"href":"https:\/\/hdpnoticias.com.ar\/index.php?rest_route=%2Fwp%2Fv2%2Ftags&post=12313"}],"curies":[{"name":"wp","href":"https:\/\/api.w.org\/{rel}","templated":true}]}}