{"id":12125,"date":"2025-09-13T20:25:56","date_gmt":"2025-09-13T23:25:56","guid":{"rendered":"https:\/\/hdpnoticias.com.ar\/?p=12125"},"modified":"2025-09-13T20:25:58","modified_gmt":"2025-09-13T23:25:58","slug":"pepe-bricolaje-honcheruk-pide-que-chaco-adhiera-al-dia-del-crochet","status":"publish","type":"post","link":"https:\/\/hdpnoticias.com.ar\/?p=12125","title":{"rendered":"Pepe bricolaje: Honcheruk pide que Chaco adhiera al D\u00eda del Crochet"},"content":{"rendered":"\n<figure class=\"wp-block-image size-full\"><img loading=\"lazy\" decoding=\"async\" width=\"728\" height=\"90\" src=\"http:\/\/hdpnoticias.com.ar\/wp-content\/uploads\/2024\/05\/Nachec.gif\" alt=\"\" class=\"wp-image-6814\"\/><\/figure>\n\n\n\n<p>El diputado provincial peronista Atlanto Honcheruk, del bloque Primero Chaco, present\u00f3 el \u00faltimo mi\u00e9rcoles 11 de septiembre un proyecto de resoluci\u00f3n impulsando la adhesi\u00f3n de la Provincia del Chaco al \u201cD\u00eda Internacional del Crochet\u201d, que se conmemor\u00f3 al d\u00eda siguiente: el jueves 12.<\/p>\n\n\n\n<p>La iniciativa expresa en su art\u00edculo 2\u00b0: \u201cSe\u00f1alar que la creaci\u00f3n de este d\u00eda internacional en el a\u00f1o 2007 surgi\u00f3 por iniciativa de Jim Price, un artesano estadounidense especializado en la confecci\u00f3n de ganchillos tallados a mano con maderas especiales. Con este d\u00eda quiso homenajear el arte del tejido a crochet\u201d.<\/p>\n\n\n\n<p>Y sigue en el 3\u00b0: \u201cDestacar que el tejido a crochet o ganchillo es una t\u00e9cnica art\u00edstica mediante la cual se utilizan hilos de lana y una aguja de tejer o ganchillo (de pl\u00e1stico, metal o madera), para la elaboraci\u00f3n de diversos tejidos\u201d.<\/p>\n\n\n\n<p>Para completar, propone que la Legislatura efect\u00fae \u201clas comunicaciones pertinentes\u201d, en caso de ser aprobado el proyecto.<\/p>\n\n\n\n<p>Y para persuadir al resto de los legisladores, expresa en los fundamentos que \u201cel tejido a crochet o ganchillo es una t\u00e9cnica art\u00edstica mediante la cual se utilizan hilos de lana y una aguja de tejer o ganchillo (de pl\u00e1stico, metal o madera), para la elaboraci\u00f3n de diversos tejidos. Esta t\u00e9cnica artesanal y manual consiste en crear una malla de tejido, pasando un anillo de hilo por encima de otro, entrelaz\u00e1ndolos hasta formar el tejido a crochet. Se puede tejer pr\u00e1cticamente de todo, desde prendas de vestir hasta art\u00edculos de decoraci\u00f3n\u201d.<\/p>\n\n\n\n<p>Y que \u201ces considerado un arte con or\u00edgenes remotos en las culturas \u00e1rabe, americana y china, populariz\u00e1ndose en Europa a partir del siglo XVI. Una de las \u00faltimas tendencias de esta t\u00e9cnica art\u00edstica se denomina amigurumi, que significa &#8220;peluche de punto&#8221;. Es una t\u00e9cnica japonesa de crochet, en la cual se tejen graciosos mu\u00f1equitos con infinidad de formas: perros, gatos, conejos, personajes de dibujos animados, entre otros\u201d.<\/p>\n\n\n\n<p>Por estas razones pide el acompa\u00f1amiento de sus colegas.<\/p>\n\n\n\n<p><strong>Honcheruk tiene la banca asegurada<\/strong><\/p>\n\n\n\n<p>Honcheruk fue presidente del interbloque Frente Chaque\u00f1o, y fue despojado de este honor despu\u00e9s de que pegara un portazo al PJ y enfrentara como candidato de Primero Chaco al frente Chaco Merece M\u00e1s encabezado por el propio Jorge Capitanich. Ambos fueron electos diputados provinciales, por lo que su continuidad est\u00e1 garantizada.<\/p>\n\n\n\n<p>Despu\u00e9s del encontronazo en las elecciones provinciales del mayo, hicieron las pases y, camino a las elecciones nacionales del 26 de octubre, hoy militan juntos en el frente kirchnerista Fuerza Patria, tambi\u00e9n encabezado por Capitanich.<\/p>\n","protected":false},"excerpt":{"rendered":"<p>El diputado provincial peronista Atlanto Honcheruk, del bloque Primero Chaco, present\u00f3 el \u00faltimo mi\u00e9rcoles 11 de septiembre un proyecto de resoluci\u00f3n impulsando la adhesi\u00f3n de la Provincia del Chaco al \u201cD\u00eda Internacional del Crochet\u201d, que se conmemor\u00f3 al d\u00eda siguiente: el jueves 12. La iniciativa expresa en su art\u00edculo 2\u00b0: \u201cSe\u00f1alar que la creaci\u00f3n de [&hellip;]<\/p>\n","protected":false},"author":1,"featured_media":1469,"comment_status":"open","ping_status":"open","sticky":false,"template":"","format":"standard","meta":{"footnotes":""},"categories":[1,27],"tags":[5253,5251,29,4686,5250,682,5165,5254,4912,4714,5252],"class_list":["post-12125","post","type-post","status-publish","format-standard","has-post-thumbnail","hentry","category-pescado-podrido","category-politica","tag-amigurumi","tag-bricolaje","tag-capitanich","tag-chaco-merece-mas","tag-crochet","tag-diputado","tag-fuerza-patria","tag-legislattura","tag-pepe","tag-primero-chaco","tag-tejido"],"_links":{"self":[{"href":"https:\/\/hdpnoticias.com.ar\/index.php?rest_route=\/wp\/v2\/posts\/12125","targetHints":{"allow":["GET"]}}],"collection":[{"href":"https:\/\/hdpnoticias.com.ar\/index.php?rest_route=\/wp\/v2\/posts"}],"about":[{"href":"https:\/\/hdpnoticias.com.ar\/index.php?rest_route=\/wp\/v2\/types\/post"}],"author":[{"embeddable":true,"href":"https:\/\/hdpnoticias.com.ar\/index.php?rest_route=\/wp\/v2\/users\/1"}],"replies":[{"embeddable":true,"href":"https:\/\/hdpnoticias.com.ar\/index.php?rest_route=%2Fwp%2Fv2%2Fcomments&post=12125"}],"version-history":[{"count":1,"href":"https:\/\/hdpnoticias.com.ar\/index.php?rest_route=\/wp\/v2\/posts\/12125\/revisions"}],"predecessor-version":[{"id":12126,"href":"https:\/\/hdpnoticias.com.ar\/index.php?rest_route=\/wp\/v2\/posts\/12125\/revisions\/12126"}],"wp:featuredmedia":[{"embeddable":true,"href":"https:\/\/hdpnoticias.com.ar\/index.php?rest_route=\/wp\/v2\/media\/1469"}],"wp:attachment":[{"href":"https:\/\/hdpnoticias.com.ar\/index.php?rest_route=%2Fwp%2Fv2%2Fmedia&parent=12125"}],"wp:term":[{"taxonomy":"category","embeddable":true,"href":"https:\/\/hdpnoticias.com.ar\/index.php?rest_route=%2Fwp%2Fv2%2Fcategories&post=12125"},{"taxonomy":"post_tag","embeddable":true,"href":"https:\/\/hdpnoticias.com.ar\/index.php?rest_route=%2Fwp%2Fv2%2Ftags&post=12125"}],"curies":[{"name":"wp","href":"https:\/\/api.w.org\/{rel}","templated":true}]}}