{"id":12033,"date":"2025-09-04T21:21:16","date_gmt":"2025-09-05T00:21:16","guid":{"rendered":"https:\/\/hdpnoticias.com.ar\/?p=12033"},"modified":"2025-09-04T21:21:17","modified_gmt":"2025-09-05T00:21:17","slug":"emergencia-en-discapacidad-el-senado-rechazo-el-veto-y-voto-el-freno-a-los-dnu","status":"publish","type":"post","link":"https:\/\/hdpnoticias.com.ar\/?p=12033","title":{"rendered":"Emergencia en discapacidad: el Senado rechaz\u00f3 el veto y vot\u00f3 el freno a los DNU"},"content":{"rendered":"\n<p><\/p>\n\n\n\n<figure class=\"wp-block-image size-full\"><img loading=\"lazy\" decoding=\"async\" width=\"728\" height=\"90\" src=\"http:\/\/hdpnoticias.com.ar\/wp-content\/uploads\/2024\/05\/Nachec.gif\" alt=\"\" class=\"wp-image-6814\"\/><\/figure>\n\n\n\n<p>Senadores kirchneristas, radicales, macristas y de partidos provinciales le aplicaron otro golpe al presidente Javier Milei: rechazaron el veto y restablecieron la vigencia de la ley que declara la emergencia en discapacidad.<\/p>\n\n\n\n<p>La decisi\u00f3n recibi\u00f3 63 votos a favor y 7 en contra, superando sobradamente los 2 tercios requeridos.<\/p>\n\n\n\n<p>La norma regir\u00e1 hasta el 31 de diciembre de 2026, y es prorrogable por un a\u00f1o m\u00e1s. Adem\u00e1s, reformula las pensiones no contributivas y actualiza aranceles, as\u00ed como compensaciones econ\u00f3micas, entre otras cuestiones.<\/p>\n\n\n\n<p>La sesi\u00f3n fue encabezada por el presidente provisional: el puntano Bartolom\u00e9 Abdala, en remplazo de la titular del cuerpo: Victoria Villarruel, a cargo de la Presidencia de la Naci\u00f3n por el viaje de Milei al exterior.<\/p>\n\n\n\n<p>Los senadores chaque\u00f1os V\u00edctor Zimmermann y Mar\u00eda In\u00e9s Pilatti Vergara votaron rechazando el veto. El peronista Antonio Rodas no asisti\u00f3.<\/p>\n\n\n\n<p><strong>Freno a los DNU<\/strong><\/p>\n\n\n\n<p>Para completar, el Senado aprob\u00f3 una norma que pone l\u00edmites a los Decretos de Necesidad y Urgencia. Si Diputados se expresa en el mismo sentido, los DNU necesitar\u00e1n el aval de ambas C\u00e1maras con mayor\u00eda absoluta dentro de los 90 d\u00edas corridos tras la firma. Y ser\u00e1 suficiente el rechazo de una para quedar sin efecto. Esto revierte los requisitos actuales, que rigen desde 2006. La iniciativa consigui\u00f3 56 votos a favor y 8 en contra.<\/p>\n","protected":false},"excerpt":{"rendered":"<p>Senadores kirchneristas, radicales, macristas y de partidos provinciales le aplicaron otro golpe al presidente Javier Milei: rechazaron el veto y restablecieron la vigencia de la ley que declara la emergencia en discapacidad. La decisi\u00f3n recibi\u00f3 63 votos a favor y 7 en contra, superando sobradamente los 2 tercios requeridos. La norma regir\u00e1 hasta el 31 [&hellip;]<\/p>\n","protected":false},"author":1,"featured_media":12034,"comment_status":"open","ping_status":"open","sticky":false,"template":"","format":"standard","meta":{"footnotes":""},"categories":[27],"tags":[251,2159,3042,2077,5218,1319,72,5217,1357,3584],"class_list":["post-12033","post","type-post","status-publish","format-standard","has-post-thumbnail","hentry","category-politica","tag-congreso","tag-discapacidad","tag-dnu","tag-emergencia","tag-emergenciam","tag-milei","tag-senado","tag-senadors","tag-veto","tag-villarruel"],"_links":{"self":[{"href":"https:\/\/hdpnoticias.com.ar\/index.php?rest_route=\/wp\/v2\/posts\/12033","targetHints":{"allow":["GET"]}}],"collection":[{"href":"https:\/\/hdpnoticias.com.ar\/index.php?rest_route=\/wp\/v2\/posts"}],"about":[{"href":"https:\/\/hdpnoticias.com.ar\/index.php?rest_route=\/wp\/v2\/types\/post"}],"author":[{"embeddable":true,"href":"https:\/\/hdpnoticias.com.ar\/index.php?rest_route=\/wp\/v2\/users\/1"}],"replies":[{"embeddable":true,"href":"https:\/\/hdpnoticias.com.ar\/index.php?rest_route=%2Fwp%2Fv2%2Fcomments&post=12033"}],"version-history":[{"count":1,"href":"https:\/\/hdpnoticias.com.ar\/index.php?rest_route=\/wp\/v2\/posts\/12033\/revisions"}],"predecessor-version":[{"id":12035,"href":"https:\/\/hdpnoticias.com.ar\/index.php?rest_route=\/wp\/v2\/posts\/12033\/revisions\/12035"}],"wp:featuredmedia":[{"embeddable":true,"href":"https:\/\/hdpnoticias.com.ar\/index.php?rest_route=\/wp\/v2\/media\/12034"}],"wp:attachment":[{"href":"https:\/\/hdpnoticias.com.ar\/index.php?rest_route=%2Fwp%2Fv2%2Fmedia&parent=12033"}],"wp:term":[{"taxonomy":"category","embeddable":true,"href":"https:\/\/hdpnoticias.com.ar\/index.php?rest_route=%2Fwp%2Fv2%2Fcategories&post=12033"},{"taxonomy":"post_tag","embeddable":true,"href":"https:\/\/hdpnoticias.com.ar\/index.php?rest_route=%2Fwp%2Fv2%2Ftags&post=12033"}],"curies":[{"name":"wp","href":"https:\/\/api.w.org\/{rel}","templated":true}]}}