{"id":12029,"date":"2025-09-03T23:11:00","date_gmt":"2025-09-04T02:11:00","guid":{"rendered":"https:\/\/hdpnoticias.com.ar\/?p=12029"},"modified":"2025-09-04T09:24:24","modified_gmt":"2025-09-04T12:24:24","slug":"un-colectivo-despisto-y-se-estrello-contra-un-poste","status":"publish","type":"post","link":"https:\/\/hdpnoticias.com.ar\/?p=12029","title":{"rendered":"Un colectivo despist\u00f3 y se estrell\u00f3 contra un poste"},"content":{"rendered":"\n<figure class=\"wp-block-image size-full\"><img loading=\"lazy\" decoding=\"async\" width=\"728\" height=\"90\" src=\"http:\/\/hdpnoticias.com.ar\/wp-content\/uploads\/2024\/05\/Nachec.gif\" alt=\"\" class=\"wp-image-6814\"\/><\/figure>\n\n\n\n<p>Un micro de la compa\u00f1\u00eda Ersa, que presta el servicio interurbano de pasajeros, protagoniz\u00f3 un aparatoso siniestro vial en la calle Zorzal a metros de la avenida Far\u00edas, en el l\u00edmite entre Resistencia y Barranqueras.<\/p>\n\n\n\n<p>El interno de la L\u00ednea 106, ramal B, tom\u00f3 el desv\u00edo obligatorio por la obra de pavimentaci\u00f3n de la avenida 9 de Julio, y al girar en Zorzal el conductor perdi\u00f3 el control y termin\u00f3 impactando un autom\u00f3vil estacionado, un \u00e1rbol y una columna de alumbrado.<\/p>\n\n\n\n<p>Al momento del hecho transportaba unos pocos pasajeros, y no hubo lesionados. Los da\u00f1os fueron s\u00f3lo materiales.<\/p>\n\n\n\n<p>El colectivero adujo el episodio a una falla mec\u00e1nica, pero no se descarta que haya sido producto de una distracci\u00f3n.<\/p>\n","protected":false},"excerpt":{"rendered":"<p>Un micro de la compa\u00f1\u00eda Ersa, que presta el servicio interurbano de pasajeros, protagoniz\u00f3 un aparatoso siniestro vial en la calle Zorzal a metros de la avenida Far\u00edas, en el l\u00edmite entre Resistencia y Barranqueras. El interno de la L\u00ednea 106, ramal B, tom\u00f3 el desv\u00edo obligatorio por la obra de pavimentaci\u00f3n de la avenida [&hellip;]<\/p>\n","protected":false},"author":1,"featured_media":12030,"comment_status":"open","ping_status":"open","sticky":false,"template":"","format":"standard","meta":{"footnotes":""},"categories":[6,26],"tags":[53,487,5216,49],"class_list":["post-12029","post","type-post","status-publish","format-standard","has-post-thumbnail","hentry","category-info-general","category-policiales","tag-barranqueras","tag-ersa","tag-la-liguria","tag-resistencia"],"_links":{"self":[{"href":"https:\/\/hdpnoticias.com.ar\/index.php?rest_route=\/wp\/v2\/posts\/12029","targetHints":{"allow":["GET"]}}],"collection":[{"href":"https:\/\/hdpnoticias.com.ar\/index.php?rest_route=\/wp\/v2\/posts"}],"about":[{"href":"https:\/\/hdpnoticias.com.ar\/index.php?rest_route=\/wp\/v2\/types\/post"}],"author":[{"embeddable":true,"href":"https:\/\/hdpnoticias.com.ar\/index.php?rest_route=\/wp\/v2\/users\/1"}],"replies":[{"embeddable":true,"href":"https:\/\/hdpnoticias.com.ar\/index.php?rest_route=%2Fwp%2Fv2%2Fcomments&post=12029"}],"version-history":[{"count":2,"href":"https:\/\/hdpnoticias.com.ar\/index.php?rest_route=\/wp\/v2\/posts\/12029\/revisions"}],"predecessor-version":[{"id":12032,"href":"https:\/\/hdpnoticias.com.ar\/index.php?rest_route=\/wp\/v2\/posts\/12029\/revisions\/12032"}],"wp:featuredmedia":[{"embeddable":true,"href":"https:\/\/hdpnoticias.com.ar\/index.php?rest_route=\/wp\/v2\/media\/12030"}],"wp:attachment":[{"href":"https:\/\/hdpnoticias.com.ar\/index.php?rest_route=%2Fwp%2Fv2%2Fmedia&parent=12029"}],"wp:term":[{"taxonomy":"category","embeddable":true,"href":"https:\/\/hdpnoticias.com.ar\/index.php?rest_route=%2Fwp%2Fv2%2Fcategories&post=12029"},{"taxonomy":"post_tag","embeddable":true,"href":"https:\/\/hdpnoticias.com.ar\/index.php?rest_route=%2Fwp%2Fv2%2Ftags&post=12029"}],"curies":[{"name":"wp","href":"https:\/\/api.w.org\/{rel}","templated":true}]}}