{"id":11996,"date":"2025-08-31T23:59:00","date_gmt":"2025-09-01T02:59:00","guid":{"rendered":"https:\/\/hdpnoticias.com.ar\/?p=11996"},"modified":"2025-09-01T07:01:21","modified_gmt":"2025-09-01T10:01:21","slug":"los-valdes-aplastaron-al-kirchnerismo-y-al-candidato-de-milei-en-corrientes","status":"publish","type":"post","link":"https:\/\/hdpnoticias.com.ar\/?p=11996","title":{"rendered":"Los Vald\u00e9s aplastaron al kirchnerismo y al candidato de Milei en Corrientes"},"content":{"rendered":"\n<figure class=\"wp-block-image size-full\"><img loading=\"lazy\" decoding=\"async\" width=\"720\" height=\"90\" src=\"http:\/\/hdpnoticias.com.ar\/wp-content\/uploads\/2024\/05\/Copy-of-720x90-1.gif\" alt=\"\" class=\"wp-image-6806\"\/><\/figure>\n\n\n\n<p>Juan Pablo Vald\u00e9s, intendente de Ituzaing\u00f3, candidato del frente oficialista Vamos Ctes!, encabezado por la UCR, fue electo este domingo gobernador de Corrientes, y suceder\u00e1 a su hermano Gustavo Vald\u00e9s.<\/p>\n\n\n\n<p>El resultado fue contundente: promediando el escrutinio, sumaba 52,6% de los votos, lo que lo consagr\u00f3 gobernador electo en primera vuelta.<\/p>\n\n\n\n<p>Muy lejos qued\u00f3 el segundo: el kirchnerista, el intendente de Paso de los Libres: Mart\u00edn \u201cTincho\u201d Asc\u00faa, lanzadp por Cristina Fern\u00e1ndez antes de ser confinada a prisi\u00f3n domiciliaria por corrupci\u00f3n. Cando aparecieron los primeros resultados celebr\u00f3 en las redes sociales su pase a la segunda vuelta, y lo sostuvo a pesar de la tendencia irreversible que le asignaba 20,1%.<\/p>\n\n\n\n<p>El exgobernador Ricardo Colombi, radical, candidato de Encuentro por Corrientes (ECO), que llevaba como compa\u00f1ero de f\u00f3rmula a un dirigente peronista, se ubic\u00f3 en tercer lugar con 17,2%.<\/p>\n\n\n\n<p>El candidato de La Libertad Avanza: el diputado nacional Lisandro Almir\u00f3n, que el \u00faltimo jueves cerr\u00f3 la campa\u00f1a flanqueado por la secretaria general de la Presidencia: Karina Milei, y el presidente de la C\u00e1mara de Diputados de la Naci\u00f3n, Mart\u00edn Menem, rond\u00f3 los 8 puntos.<\/p>\n\n\n\n<p>A a hora de los festejos, el oficialismo correntino recibi\u00f3 la visita de los gobernadores radicales Alfredo Cornejo, de Mendoza, y Leandro Zdero, de Chaco.<\/p>\n","protected":false},"excerpt":{"rendered":"<p>Juan Pablo Vald\u00e9s, intendente de Ituzaing\u00f3, candidato del frente oficialista Vamos Ctes!, encabezado por la UCR, fue electo este domingo gobernador de Corrientes, y suceder\u00e1 a su hermano Gustavo Vald\u00e9s. El resultado fue contundente: promediando el escrutinio, sumaba 52,6% de los votos, lo que lo consagr\u00f3 gobernador electo en primera vuelta. Muy lejos qued\u00f3 el [&hellip;]<\/p>\n","protected":false},"author":1,"featured_media":11997,"comment_status":"open","ping_status":"open","sticky":false,"template":"","format":"standard","meta":{"footnotes":""},"categories":[27],"tags":[5200,1842,169,453,244,35,4684,1319,4409,165,921],"class_list":["post-11996","post","type-post","status-publish","format-standard","has-post-thumbnail","hentry","category-politica","tag-ascua","tag-cornejo","tag-corrientes","tag-cristina","tag-gobernador","tag-kirchnerismo","tag-lla","tag-milei","tag-primera-vuelta","tag-valdes","tag-zdero"],"_links":{"self":[{"href":"https:\/\/hdpnoticias.com.ar\/index.php?rest_route=\/wp\/v2\/posts\/11996","targetHints":{"allow":["GET"]}}],"collection":[{"href":"https:\/\/hdpnoticias.com.ar\/index.php?rest_route=\/wp\/v2\/posts"}],"about":[{"href":"https:\/\/hdpnoticias.com.ar\/index.php?rest_route=\/wp\/v2\/types\/post"}],"author":[{"embeddable":true,"href":"https:\/\/hdpnoticias.com.ar\/index.php?rest_route=\/wp\/v2\/users\/1"}],"replies":[{"embeddable":true,"href":"https:\/\/hdpnoticias.com.ar\/index.php?rest_route=%2Fwp%2Fv2%2Fcomments&post=11996"}],"version-history":[{"count":1,"href":"https:\/\/hdpnoticias.com.ar\/index.php?rest_route=\/wp\/v2\/posts\/11996\/revisions"}],"predecessor-version":[{"id":11998,"href":"https:\/\/hdpnoticias.com.ar\/index.php?rest_route=\/wp\/v2\/posts\/11996\/revisions\/11998"}],"wp:featuredmedia":[{"embeddable":true,"href":"https:\/\/hdpnoticias.com.ar\/index.php?rest_route=\/wp\/v2\/media\/11997"}],"wp:attachment":[{"href":"https:\/\/hdpnoticias.com.ar\/index.php?rest_route=%2Fwp%2Fv2%2Fmedia&parent=11996"}],"wp:term":[{"taxonomy":"category","embeddable":true,"href":"https:\/\/hdpnoticias.com.ar\/index.php?rest_route=%2Fwp%2Fv2%2Fcategories&post=11996"},{"taxonomy":"post_tag","embeddable":true,"href":"https:\/\/hdpnoticias.com.ar\/index.php?rest_route=%2Fwp%2Fv2%2Ftags&post=11996"}],"curies":[{"name":"wp","href":"https:\/\/api.w.org\/{rel}","templated":true}]}}