{"id":11977,"date":"2025-08-28T08:44:14","date_gmt":"2025-08-28T11:44:14","guid":{"rendered":"https:\/\/hdpnoticias.com.ar\/?p=11977"},"modified":"2025-08-28T08:44:19","modified_gmt":"2025-08-28T11:44:19","slug":"choque-de-camiones-en-quitilipi-un-camionero-murio","status":"publish","type":"post","link":"https:\/\/hdpnoticias.com.ar\/?p=11977","title":{"rendered":"Choque de camiones en Quitilipi: un camionero muri\u00f3"},"content":{"rendered":"\n<figure class=\"wp-block-image size-full\"><img loading=\"lazy\" decoding=\"async\" width=\"720\" height=\"90\" src=\"http:\/\/hdpnoticias.com.ar\/wp-content\/uploads\/2024\/05\/Obras-Publicas.gif\" alt=\"\" class=\"wp-image-6818\"\/><\/figure>\n\n\n\n<p>La madrugada de este jueves un cami\u00f3n Mercedes Benz y un Iveco se toparon en la intersecci\u00f3n de la ruta nacional 16 y la ruta provincial 4, en Quitilipi.<\/p>\n\n\n\n<p>El primero circulaba por la ruta 4 hacia el norte, cargado con bloques de cemento, mientras el otro que lo hac\u00eda por la 16 hacia el este con una carga de cajones de madera vac\u00edos, y lo impact\u00f3 de lleno en uno de sus laterales.<\/p>\n\n\n\n<p>Producto del brutal impacto, el conductor del Iveco muri\u00f3 en el acto. Su colega del Mercedes, domiciliado en la ciudad cordobesa Cosqu\u00edn, result\u00f3 ileso.<\/p>\n","protected":false},"excerpt":{"rendered":"<p>La madrugada de este jueves un cami\u00f3n Mercedes Benz y un Iveco se toparon en la intersecci\u00f3n de la ruta nacional 16 y la ruta provincial 4, en Quitilipi. El primero circulaba por la ruta 4 hacia el norte, cargado con bloques de cemento, mientras el otro que lo hac\u00eda por la 16 hacia el [&hellip;]<\/p>\n","protected":false},"author":1,"featured_media":11978,"comment_status":"open","ping_status":"open","sticky":false,"template":"","format":"standard","meta":{"footnotes":""},"categories":[26],"tags":[37,342,516,340,127,196,218,756,100],"class_list":["post-11977","post","type-post","status-publish","format-standard","has-post-thumbnail","hentry","category-policiales","tag-chaco","tag-cordoba","tag-cosquin","tag-iveco","tag-mercedes-benz","tag-quitilipi","tag-ruta-16","tag-ruta-4","tag-tragedia"],"_links":{"self":[{"href":"https:\/\/hdpnoticias.com.ar\/index.php?rest_route=\/wp\/v2\/posts\/11977","targetHints":{"allow":["GET"]}}],"collection":[{"href":"https:\/\/hdpnoticias.com.ar\/index.php?rest_route=\/wp\/v2\/posts"}],"about":[{"href":"https:\/\/hdpnoticias.com.ar\/index.php?rest_route=\/wp\/v2\/types\/post"}],"author":[{"embeddable":true,"href":"https:\/\/hdpnoticias.com.ar\/index.php?rest_route=\/wp\/v2\/users\/1"}],"replies":[{"embeddable":true,"href":"https:\/\/hdpnoticias.com.ar\/index.php?rest_route=%2Fwp%2Fv2%2Fcomments&post=11977"}],"version-history":[{"count":1,"href":"https:\/\/hdpnoticias.com.ar\/index.php?rest_route=\/wp\/v2\/posts\/11977\/revisions"}],"predecessor-version":[{"id":11979,"href":"https:\/\/hdpnoticias.com.ar\/index.php?rest_route=\/wp\/v2\/posts\/11977\/revisions\/11979"}],"wp:featuredmedia":[{"embeddable":true,"href":"https:\/\/hdpnoticias.com.ar\/index.php?rest_route=\/wp\/v2\/media\/11978"}],"wp:attachment":[{"href":"https:\/\/hdpnoticias.com.ar\/index.php?rest_route=%2Fwp%2Fv2%2Fmedia&parent=11977"}],"wp:term":[{"taxonomy":"category","embeddable":true,"href":"https:\/\/hdpnoticias.com.ar\/index.php?rest_route=%2Fwp%2Fv2%2Fcategories&post=11977"},{"taxonomy":"post_tag","embeddable":true,"href":"https:\/\/hdpnoticias.com.ar\/index.php?rest_route=%2Fwp%2Fv2%2Ftags&post=11977"}],"curies":[{"name":"wp","href":"https:\/\/api.w.org\/{rel}","templated":true}]}}