{"id":11934,"date":"2025-08-21T23:46:00","date_gmt":"2025-08-22T02:46:00","guid":{"rendered":"https:\/\/hdpnoticias.com.ar\/?p=11934"},"modified":"2025-08-22T06:52:51","modified_gmt":"2025-08-22T09:52:51","slug":"diputados-opositores-proponen-reformar-la-constitucion-para-crear-otras-capitales","status":"publish","type":"post","link":"https:\/\/hdpnoticias.com.ar\/?p=11934","title":{"rendered":"Diputados opositores proponen reformar la Constituci\u00f3n para crear otras capitales"},"content":{"rendered":"\n<figure class=\"wp-block-image size-full\"><img loading=\"lazy\" decoding=\"async\" width=\"720\" height=\"90\" src=\"http:\/\/hdpnoticias.com.ar\/wp-content\/uploads\/2024\/05\/Copy-of-720x90-1.gif\" alt=\"\" class=\"wp-image-6806\"\/><\/figure>\n\n\n\n<p>Diputados del bloque Chaco Merece M\u00e1s y Primero Chaco presentaron un proyecto de ley para modificar el art\u00edculo 3\u00b0 de la Constituci\u00f3n Provincial y habilitar la creaci\u00f3n de \u201ccapitales alternas\u201d.<\/p>\n\n\n\n<p>El art\u00edculo en cuesti\u00f3n define a Resistencia como capital provincial y sede de los 3 poderes del Estado.<\/p>\n\n\n\n<p>La iniciativa propone que una segunda ciudad de la provincia se constituya en capital alterna y albergue sedes del Gobierno para descentralizar su funcionamiento.<\/p>\n\n\n\n<p>Los gobiernos municipales interesados podr\u00e1n postular sus ciudades como capitales y al final ser\u00e1 la C\u00e1mara de Diputados quien defina.<\/p>\n\n\n\n<p>La ciudad elegida ser\u00e1 capital alterna por un per\u00edodo de 4 a\u00f1os, al cabo de los cuales se designar\u00e1 a otra ciudad.<\/p>\n\n\n\n<p><strong>Vieja data<\/strong><\/p>\n\n\n\n<p>En nuestra provincia la idea de mudar la capital no es nueva. Uno de los debates giraba en torno a remplazar Resistencia por alguna ciudad del interior ubicada m\u00e1s en el centro de su geograf\u00eda, para que sortear la distancia con la capital no sea un obst\u00e1culo para todos los chaque\u00f1os. Pero la idea no prosper\u00f3 y comenz\u00f3 a ponerse en pr\u00e1ctica la alternativa de radicar dependencias p\u00fablicas en localidades estrat\u00e9gicamente ubicadas.<\/p>\n\n\n\n<p><strong>A nivel nacional<\/strong><\/p>\n\n\n\n<p>Durante la presidencia de Alberto Fern\u00e1ndez, se cre\u00f3 el programa de \u201ccapitales alternas\u201d, que identific\u00f3 a las segundas ciudades de todas las provincias para el desembarco de funcionarios nacionales y el propio Presidente de la Naci\u00f3n. En Chaco fue designada Presidencia Roque S\u00e1enz Pe\u00f1a.<\/p>\n","protected":false},"excerpt":{"rendered":"<p>Diputados del bloque Chaco Merece M\u00e1s y Primero Chaco presentaron un proyecto de ley para modificar el art\u00edculo 3\u00b0 de la Constituci\u00f3n Provincial y habilitar la creaci\u00f3n de \u201ccapitales alternas\u201d. El art\u00edculo en cuesti\u00f3n define a Resistencia como capital provincial y sede de los 3 poderes del Estado. La iniciativa propone que una segunda ciudad [&hellip;]<\/p>\n","protected":false},"author":1,"featured_media":7050,"comment_status":"open","ping_status":"open","sticky":false,"template":"","format":"standard","meta":{"footnotes":""},"categories":[6,27],"tags":[5182,37,4686,5183,71,4714,49],"class_list":["post-11934","post","type-post","status-publish","format-standard","has-post-thumbnail","hentry","category-info-general","category-politica","tag-capital-alterna","tag-chaco","tag-chaco-merece-mas","tag-constitucion-provincial","tag-diputados","tag-primero-chaco","tag-resistencia"],"_links":{"self":[{"href":"https:\/\/hdpnoticias.com.ar\/index.php?rest_route=\/wp\/v2\/posts\/11934","targetHints":{"allow":["GET"]}}],"collection":[{"href":"https:\/\/hdpnoticias.com.ar\/index.php?rest_route=\/wp\/v2\/posts"}],"about":[{"href":"https:\/\/hdpnoticias.com.ar\/index.php?rest_route=\/wp\/v2\/types\/post"}],"author":[{"embeddable":true,"href":"https:\/\/hdpnoticias.com.ar\/index.php?rest_route=\/wp\/v2\/users\/1"}],"replies":[{"embeddable":true,"href":"https:\/\/hdpnoticias.com.ar\/index.php?rest_route=%2Fwp%2Fv2%2Fcomments&post=11934"}],"version-history":[{"count":1,"href":"https:\/\/hdpnoticias.com.ar\/index.php?rest_route=\/wp\/v2\/posts\/11934\/revisions"}],"predecessor-version":[{"id":11935,"href":"https:\/\/hdpnoticias.com.ar\/index.php?rest_route=\/wp\/v2\/posts\/11934\/revisions\/11935"}],"wp:featuredmedia":[{"embeddable":true,"href":"https:\/\/hdpnoticias.com.ar\/index.php?rest_route=\/wp\/v2\/media\/7050"}],"wp:attachment":[{"href":"https:\/\/hdpnoticias.com.ar\/index.php?rest_route=%2Fwp%2Fv2%2Fmedia&parent=11934"}],"wp:term":[{"taxonomy":"category","embeddable":true,"href":"https:\/\/hdpnoticias.com.ar\/index.php?rest_route=%2Fwp%2Fv2%2Fcategories&post=11934"},{"taxonomy":"post_tag","embeddable":true,"href":"https:\/\/hdpnoticias.com.ar\/index.php?rest_route=%2Fwp%2Fv2%2Ftags&post=11934"}],"curies":[{"name":"wp","href":"https:\/\/api.w.org\/{rel}","templated":true}]}}