{"id":11902,"date":"2025-08-18T23:19:59","date_gmt":"2025-08-19T02:19:59","guid":{"rendered":"https:\/\/hdpnoticias.com.ar\/?p=11902"},"modified":"2025-08-18T23:20:20","modified_gmt":"2025-08-19T02:20:20","slug":"kirchneristas-enfrentan-a-capitanich-bolatti-va-por-afuera-con-nueva-etapa","status":"publish","type":"post","link":"https:\/\/hdpnoticias.com.ar\/?p=11902","title":{"rendered":"Kirchneristas enfrentan a Capitanich: Bolatti va por afuera con Nueva Etapa"},"content":{"rendered":"\n<figure class=\"wp-block-image size-full\"><img loading=\"lazy\" decoding=\"async\" width=\"728\" height=\"90\" src=\"http:\/\/hdpnoticias.com.ar\/wp-content\/uploads\/2024\/05\/Nachec.gif\" alt=\"\" class=\"wp-image-6814\"\/><\/figure>\n\n\n\n<p>A la hora de la inscripci\u00f3n de alianzas para las elecciones legislativas nacionales del 26 de octubre, el Frente Grande se sum\u00f3 al frente fuerza Patria, que tiene como eje al Partido Justicialista presidido por el trigobernador Jorge Capitanich, recientemente electo diputado provincial. <\/p>\n\n\n\n<p>Sin embargo, al momento de presentar listas de candidatos, uno de sus principales referentes: el concejal capitalino Fabricio Bolatti, se present\u00f3 como primer candidato a diputado nacional por el frente Nueva Etapa, que postula a referentes del Frente Grande y del partido Proyecto Sur, entre otras organizaciones sociales y pol\u00edticas.<\/p>\n\n\n\n<p>Bolatti preside en el Concejo Municipal de Resistencia el bloque del coquista Frente Chaco Merece M\u00e1s. Antes hab\u00eda sido funcionario del segundo gobierno de Capitanich y tambi\u00e9n lo acompa\u00f1\u00f3 en la intendencia y en su etapa de jefe de Gabinete de Cristina Fern\u00e1ndez en 2014.<\/p>\n\n\n\n<p>La lista de candidatos a diputados nacionales est\u00e1 integrada por Bolatti, la exconcejal Alicia Fr\u00edas, Hern\u00e1n Ciravolo y Marilyn Rol\u00f3n. Y la propuesta para el Senado la componen como titulares Guadalupe Segura Lema y Marcos Falchini.<\/p>\n\n\n\n<p>No es la primera incursi\u00f3n del Frente Grande por fuera de la alianza peronista. En 2017 present\u00f3 una alternativa paralela a la que lideraba el entonces gobernador Domingo Peppo. Pero ahora se apresta a enfrentar al mismo Capitanich, que encabeza la lista de candidatos a senadores de Fuerza Patria.<\/p>\n\n\n\n<p>\u201cDurante los \u00faltimos a\u00f1os fuimos testigos de una profunda degradaci\u00f3n de la representaci\u00f3n pol\u00edtica: dirigentes m\u00e1s preocupados por conservar privilegios que por transformar la realidad en beneficio de todas y todos; sectores que se trasladan entre sellos partidarios por conveniencia, sin coherencia ni convicci\u00f3n; y una supuesta &#8220;unidad&#8221; utilizada como excusa para amontonar sin sentido de proyecto ni pertenencia, donde es v\u00e1lido decir una cosa y hacer lo contrario&#8221;, expres\u00f3 el frente Nueva Etapa en su presentaci\u00f3n.<\/p>\n","protected":false},"excerpt":{"rendered":"<p>A la hora de la inscripci\u00f3n de alianzas para las elecciones legislativas nacionales del 26 de octubre, el Frente Grande se sum\u00f3 al frente fuerza Patria, que tiene como eje al Partido Justicialista presidido por el trigobernador Jorge Capitanich, recientemente electo diputado provincial. Sin embargo, al momento de presentar listas de candidatos, uno de sus [&hellip;]<\/p>\n","protected":false},"author":1,"featured_media":11903,"comment_status":"open","ping_status":"open","sticky":false,"template":"","format":"standard","meta":{"footnotes":""},"categories":[27],"tags":[29,453,71,246,5173,35,5174,248,3692],"class_list":["post-11902","post","type-post","status-publish","format-standard","has-post-thumbnail","hentry","category-politica","tag-capitanich","tag-cristina","tag-diputados","tag-elecciones","tag-frente-grande","tag-kirchnerismo","tag-kirchneristam","tag-pj","tag-senadores"],"_links":{"self":[{"href":"https:\/\/hdpnoticias.com.ar\/index.php?rest_route=\/wp\/v2\/posts\/11902","targetHints":{"allow":["GET"]}}],"collection":[{"href":"https:\/\/hdpnoticias.com.ar\/index.php?rest_route=\/wp\/v2\/posts"}],"about":[{"href":"https:\/\/hdpnoticias.com.ar\/index.php?rest_route=\/wp\/v2\/types\/post"}],"author":[{"embeddable":true,"href":"https:\/\/hdpnoticias.com.ar\/index.php?rest_route=\/wp\/v2\/users\/1"}],"replies":[{"embeddable":true,"href":"https:\/\/hdpnoticias.com.ar\/index.php?rest_route=%2Fwp%2Fv2%2Fcomments&post=11902"}],"version-history":[{"count":1,"href":"https:\/\/hdpnoticias.com.ar\/index.php?rest_route=\/wp\/v2\/posts\/11902\/revisions"}],"predecessor-version":[{"id":11904,"href":"https:\/\/hdpnoticias.com.ar\/index.php?rest_route=\/wp\/v2\/posts\/11902\/revisions\/11904"}],"wp:featuredmedia":[{"embeddable":true,"href":"https:\/\/hdpnoticias.com.ar\/index.php?rest_route=\/wp\/v2\/media\/11903"}],"wp:attachment":[{"href":"https:\/\/hdpnoticias.com.ar\/index.php?rest_route=%2Fwp%2Fv2%2Fmedia&parent=11902"}],"wp:term":[{"taxonomy":"category","embeddable":true,"href":"https:\/\/hdpnoticias.com.ar\/index.php?rest_route=%2Fwp%2Fv2%2Fcategories&post=11902"},{"taxonomy":"post_tag","embeddable":true,"href":"https:\/\/hdpnoticias.com.ar\/index.php?rest_route=%2Fwp%2Fv2%2Ftags&post=11902"}],"curies":[{"name":"wp","href":"https:\/\/api.w.org\/{rel}","templated":true}]}}