{"id":11889,"date":"2025-08-16T22:01:55","date_gmt":"2025-08-17T01:01:55","guid":{"rendered":"https:\/\/hdpnoticias.com.ar\/?p=11889"},"modified":"2025-08-16T22:01:57","modified_gmt":"2025-08-17T01:01:57","slug":"capitanich-y-magda-ayala-repiten-candidaturas-esta-vez-van-en-la-misma-boleta","status":"publish","type":"post","link":"https:\/\/hdpnoticias.com.ar\/?p=11889","title":{"rendered":"Capitanich y Magda Ayala repiten candidaturas: esta vez van en la misma boleta"},"content":{"rendered":"\n<figure class=\"wp-block-image size-full\"><img loading=\"lazy\" decoding=\"async\" width=\"728\" height=\"90\" src=\"http:\/\/hdpnoticias.com.ar\/wp-content\/uploads\/2024\/05\/Nachec.gif\" alt=\"\" class=\"wp-image-6814\"\/><\/figure>\n\n\n\n<p>El trigobernador Jorge Capitanich, recientemente electo diputado provincial, encabez\u00f3 este s\u00e1bado en Presidencia de la Plaza, el Congreso Provincial del Partido Justicialista, en el que anunci\u00f3 los candidatos del frente Fuerza Patria, sin la presidente de ese cuerpo partidario: Claudia Panzardi, que ya lanz\u00f3 su propio frente: Vamos Chaco, por fuera de la estructura partidaria.<\/p>\n\n\n\n<p>Como era vox p\u00f3puli desde el inicio del a\u00f1o electoral, el mismo Capitanich ser\u00e1 primer candidat la lista de candidatos a senadores, secundado por la intendente de Barranqueras Magda Ayala, como resultado del acuerdo para la \u201cunidad del peronismo\u201d.<\/p>\n\n\n\n<p>En las elecciones del 11 de mayo, Capitanich, presidente del PJ, encabez\u00f3 la lista de candidatos a diputados provinciales del frente Chaco Merece M\u00e1s, mientras Ayala, vicepresidente del partido, ocup\u00f3 el segundo lugar en el frente Primero Chaco, detr\u00e1s del diputado Atlanto Honcheruk.<\/p>\n\n\n\n<p>Chaco Merece M\u00e1s obtuvo entonces 6 bancas, y Primero Chaco: 2, por lo que ambos revisten la calidad de diputados provinciales electos.<\/p>\n\n\n\n<p>Esta vez sus nombres estar\u00e1n impresos en la misma boleta, que se completa con el diputado provincial Rodrigo Ocampo y mar\u00eda Laura Zacar\u00edas como suplentes.<\/p>\n\n\n\n<p>La lista de candidatos a diputados nacionales tiene al intendente de Las Garcitas: Sergio Dolce, en el primer lugar, seguido de Julieta Campo, el intendente de Machagai: Juan Manuel Garc\u00eda, y Luisina Lita. Los suplentes son Juan Manuel Pedrini, Patricia Lezcano y H\u00e9ctor Pruncini.<\/p>\n","protected":false},"excerpt":{"rendered":"<p>El trigobernador Jorge Capitanich, recientemente electo diputado provincial, encabez\u00f3 este s\u00e1bado en Presidencia de la Plaza, el Congreso Provincial del Partido Justicialista, en el que anunci\u00f3 los candidatos del frente Fuerza Patria, sin la presidente de ese cuerpo partidario: Claudia Panzardi, que ya lanz\u00f3 su propio frente: Vamos Chaco, por fuera de la estructura partidaria. [&hellip;]<\/p>\n","protected":false},"author":1,"featured_media":11890,"comment_status":"open","ping_status":"open","sticky":false,"template":"","format":"standard","meta":{"footnotes":""},"categories":[27],"tags":[392,53,29,37,682,5166,5165,1881,655,248,1399],"class_list":["post-11889","post","type-post","status-publish","format-standard","has-post-thumbnail","hentry","category-politica","tag-ayala","tag-barranqueras","tag-capitanich","tag-chaco","tag-diputado","tag-dolce","tag-fuerza-patria","tag-magda","tag-panzardi","tag-pj","tag-senador"],"_links":{"self":[{"href":"https:\/\/hdpnoticias.com.ar\/index.php?rest_route=\/wp\/v2\/posts\/11889","targetHints":{"allow":["GET"]}}],"collection":[{"href":"https:\/\/hdpnoticias.com.ar\/index.php?rest_route=\/wp\/v2\/posts"}],"about":[{"href":"https:\/\/hdpnoticias.com.ar\/index.php?rest_route=\/wp\/v2\/types\/post"}],"author":[{"embeddable":true,"href":"https:\/\/hdpnoticias.com.ar\/index.php?rest_route=\/wp\/v2\/users\/1"}],"replies":[{"embeddable":true,"href":"https:\/\/hdpnoticias.com.ar\/index.php?rest_route=%2Fwp%2Fv2%2Fcomments&post=11889"}],"version-history":[{"count":1,"href":"https:\/\/hdpnoticias.com.ar\/index.php?rest_route=\/wp\/v2\/posts\/11889\/revisions"}],"predecessor-version":[{"id":11891,"href":"https:\/\/hdpnoticias.com.ar\/index.php?rest_route=\/wp\/v2\/posts\/11889\/revisions\/11891"}],"wp:featuredmedia":[{"embeddable":true,"href":"https:\/\/hdpnoticias.com.ar\/index.php?rest_route=\/wp\/v2\/media\/11890"}],"wp:attachment":[{"href":"https:\/\/hdpnoticias.com.ar\/index.php?rest_route=%2Fwp%2Fv2%2Fmedia&parent=11889"}],"wp:term":[{"taxonomy":"category","embeddable":true,"href":"https:\/\/hdpnoticias.com.ar\/index.php?rest_route=%2Fwp%2Fv2%2Fcategories&post=11889"},{"taxonomy":"post_tag","embeddable":true,"href":"https:\/\/hdpnoticias.com.ar\/index.php?rest_route=%2Fwp%2Fv2%2Ftags&post=11889"}],"curies":[{"name":"wp","href":"https:\/\/api.w.org\/{rel}","templated":true}]}}