{"id":11837,"date":"2025-08-07T23:03:00","date_gmt":"2025-08-08T02:03:00","guid":{"rendered":"https:\/\/hdpnoticias.com.ar\/?p=11837"},"modified":"2025-08-08T06:26:36","modified_gmt":"2025-08-08T09:26:36","slug":"cierre-de-alianzas-el-oficialismo-con-la-libertad-avanza-y-el-pj-dividido","status":"publish","type":"post","link":"https:\/\/hdpnoticias.com.ar\/?p=11837","title":{"rendered":"Cierre de alianzas: el oficialismo con la Libertad Avanza y el PJ dividido"},"content":{"rendered":"\n<figure class=\"wp-block-image size-full\"><img loading=\"lazy\" decoding=\"async\" width=\"720\" height=\"90\" src=\"http:\/\/hdpnoticias.com.ar\/wp-content\/uploads\/2024\/05\/Copy-of-720x90-1.gif\" alt=\"\" class=\"wp-image-6806\"\/><\/figure>\n\n\n\n<p>3 frentes hab\u00edan formalizado su constituci\u00f3n sobre el cierre de inscripci\u00f3n de alianzas para las elecciones legislativas nacionales del 26 de octubre, en las que los chaque\u00f1os elegir\u00e1n a los remplazantes del radical V\u00edctor Zimmermann y los peronistas Mar\u00eda In\u00e9z Pilatti Vergara y Antonio Rodas, en el Senado, y del radical Juan Carlos Polini; Maril\u00fa Quiroz, del PRO; y los peronistas Mar\u00eda Luisa Chomiak y Juan Manuel Pedrini, en la C\u00e1mara de Diputados.<\/p>\n\n\n\n<p>El oficialismo ratific\u00f3 el acuerdo de la UCR con La Libertad Avanza, firmado entre el gobernador Leandro Zdero y el Presidente de la Naci\u00f3n: Javier Milei para las legislativas provinciales de mayo.<\/p>\n\n\n\n<p>Esta vez el frente se denominar\u00e1 directamente La Libertad Avanza, y adem\u00e1s de la UCR y la LLA, lo integran Acci\u00f3n Chaque\u00f1a, Bases y Principios, y el PRO.<\/p>\n\n\n\n<p>Enfrente, el Partido Justicialista no logr\u00f3 la unidad buscada hasta \u00faltimo momento y se inscribieron los frentes Fuerza Patria, liderado por el exgobernador y diputado provincial electo: Jorge Capitanich, con el Frente Grande, el Partido del Trabajo y el Pueblo, MIJD, Frente para el Cambio, Frente Renovador, Corriente Mart\u00edn Fierro, Libres del Sur, Pensamiento Bonaerense, Frente para la Victoria, Partido de la Cultura, la Educaci\u00f3n y el Trabajo, Kolina y Proyecto Popular. Y, por el otro: Vamos Chaco, la formaci\u00f3n creada por la intendente de Laguna Blanca: Claudia Panzardi, y el exsenador Eduardo Aguilar.<\/p>\n\n\n\n<p>El Frente Integrador, otro brazo del peronismo, comandado por el exvicegobernador Juan Carlos Bacileff Ivanoff, tambi\u00e9n alistaba su carpeta para volver a competir con boleta propia despu\u00e9s de quedar al margen en las elecciones provinciales al frustrarse un acuerdo con el PJ presidido por Capitanich<\/p>\n","protected":false},"excerpt":{"rendered":"<p>3 frentes hab\u00edan formalizado su constituci\u00f3n sobre el cierre de inscripci\u00f3n de alianzas para las elecciones legislativas nacionales del 26 de octubre, en las que los chaque\u00f1os elegir\u00e1n a los remplazantes del radical V\u00edctor Zimmermann y los peronistas Mar\u00eda In\u00e9z Pilatti Vergara y Antonio Rodas, en el Senado, y del radical Juan Carlos Polini; Maril\u00fa [&hellip;]<\/p>\n","protected":false},"author":1,"featured_media":1342,"comment_status":"open","ping_status":"open","sticky":false,"template":"","format":"standard","meta":{"footnotes":""},"categories":[27],"tags":[243,29,37,246,1319,2407,248,921],"class_list":["post-11837","post","type-post","status-publish","format-standard","has-post-thumbnail","hentry","category-politica","tag-bacileff-ivanoff","tag-capitanich","tag-chaco","tag-elecciones","tag-milei","tag-oficialismo","tag-pj","tag-zdero"],"_links":{"self":[{"href":"https:\/\/hdpnoticias.com.ar\/index.php?rest_route=\/wp\/v2\/posts\/11837","targetHints":{"allow":["GET"]}}],"collection":[{"href":"https:\/\/hdpnoticias.com.ar\/index.php?rest_route=\/wp\/v2\/posts"}],"about":[{"href":"https:\/\/hdpnoticias.com.ar\/index.php?rest_route=\/wp\/v2\/types\/post"}],"author":[{"embeddable":true,"href":"https:\/\/hdpnoticias.com.ar\/index.php?rest_route=\/wp\/v2\/users\/1"}],"replies":[{"embeddable":true,"href":"https:\/\/hdpnoticias.com.ar\/index.php?rest_route=%2Fwp%2Fv2%2Fcomments&post=11837"}],"version-history":[{"count":1,"href":"https:\/\/hdpnoticias.com.ar\/index.php?rest_route=\/wp\/v2\/posts\/11837\/revisions"}],"predecessor-version":[{"id":11838,"href":"https:\/\/hdpnoticias.com.ar\/index.php?rest_route=\/wp\/v2\/posts\/11837\/revisions\/11838"}],"wp:featuredmedia":[{"embeddable":true,"href":"https:\/\/hdpnoticias.com.ar\/index.php?rest_route=\/wp\/v2\/media\/1342"}],"wp:attachment":[{"href":"https:\/\/hdpnoticias.com.ar\/index.php?rest_route=%2Fwp%2Fv2%2Fmedia&parent=11837"}],"wp:term":[{"taxonomy":"category","embeddable":true,"href":"https:\/\/hdpnoticias.com.ar\/index.php?rest_route=%2Fwp%2Fv2%2Fcategories&post=11837"},{"taxonomy":"post_tag","embeddable":true,"href":"https:\/\/hdpnoticias.com.ar\/index.php?rest_route=%2Fwp%2Fv2%2Ftags&post=11837"}],"curies":[{"name":"wp","href":"https:\/\/api.w.org\/{rel}","templated":true}]}}