{"id":11834,"date":"2025-08-07T21:26:55","date_gmt":"2025-08-08T00:26:55","guid":{"rendered":"https:\/\/hdpnoticias.com.ar\/?p=11834"},"modified":"2025-08-07T21:26:59","modified_gmt":"2025-08-08T00:26:59","slug":"gutierrez-demandara-a-quienes-lo-acusaron-de-cobrar-viaticos-por-27-millones-de-pesos","status":"publish","type":"post","link":"https:\/\/hdpnoticias.com.ar\/?p=11834","title":{"rendered":"Guti\u00e9rrez demandar\u00e1 a quienes lo acusaron de cobrar vi\u00e1ticos por 27 millones de pesos"},"content":{"rendered":"\n<figure class=\"wp-block-image size-full\"><img loading=\"lazy\" decoding=\"async\" width=\"720\" height=\"90\" src=\"http:\/\/hdpnoticias.com.ar\/wp-content\/uploads\/2024\/05\/Obras-Publicas.gif\" alt=\"\" class=\"wp-image-6818\"\/><\/figure>\n\n\n\n<p>El secretario de Coordinaci\u00f3n de Gabinete de la Provincia: Livio Guti\u00e9rrez, anunci\u00f3 que iniciar\u00e1 una demanda penal contra medios y periodistas que lo acusaron de cobrar m\u00e1s de 27 millones de pesos en lo que va del a\u00f1o.<\/p>\n\n\n\n<p>El funcionario neg\u00f3 la versi\u00f3n y asever\u00f3 que los montos detallados en una planilla que fueron ventilados p\u00fablicamente, no corresponden a vi\u00e1ticos, sino a honorarios profesionales por su actuaci\u00f3n en causas varios a\u00f1os atr\u00e1s,<\/p>\n\n\n\n<p>Seg\u00fan su entender, la informaci\u00f3n de su cuenta no es p\u00fablica y hasta ah\u00ed s\u00f3lo pudo acceder alguien que conozca c\u00f3digos espec\u00edficos de la administraci\u00f3n p\u00fablica, por lo que no tiene dudas de que alguien dentro de la Casa de Gobierno est\u00e1 involucrado.<\/p>\n\n\n\n<p>Por el momento hizo referencia a periodistas, pero no se descarta que las acciones se orienten tambi\u00e9n a referentes pol\u00edticos que replican esa informaci\u00f3n. El mismo exgobernador Jorge Capitanich, durante sus discursos de la campa\u00f1a proselitista para las elecciones legislativas provinciales del 11 de mayo, y en entrevistas, mencion\u00f3 varias veces esa cuesti\u00f3n.<\/p>\n\n\n\n<p>Al fundamentar su reacci\u00f3n, dijo que lo hace en cumplimiento de la obligaci\u00f3n de vindicarse que les cabe a los funcionarios p\u00fablicos. Y, como primera medida, solicitar\u00e1 al Poder Judicial que precise el origen de los fondos en cuesti\u00f3n.<\/p>\n\n\n\n<p><strong>La demanda contra Panzardi<\/strong><\/p>\n\n\n\n<p>Livio Guti\u00e9rrez ya encar\u00f3 demandas similares, una de ellas contra la entonces diputada provincial Claudia Panzardi, hoy intendente de Laguna Blanca, que lo hab\u00eda acusado de violencia de g\u00e9nero enviando mensajes en vivo a un canal de televisi\u00f3n de Buenos Aires mientras \u00e9l era entrevistado. La Justicia conden\u00f3 a Panzardi a indemnizarlo y ella lo acus\u00f3 de pretender dejarla en la ruina.<\/p>\n","protected":false},"excerpt":{"rendered":"<p>El secretario de Coordinaci\u00f3n de Gabinete de la Provincia: Livio Guti\u00e9rrez, anunci\u00f3 que iniciar\u00e1 una demanda penal contra medios y periodistas que lo acusaron de cobrar m\u00e1s de 27 millones de pesos en lo que va del a\u00f1o. El funcionario neg\u00f3 la versi\u00f3n y asever\u00f3 que los montos detallados en una planilla que fueron ventilados [&hellip;]<\/p>\n","protected":false},"author":1,"featured_media":11835,"comment_status":"open","ping_status":"open","sticky":false,"template":"","format":"standard","meta":{"footnotes":""},"categories":[27],"tags":[29,37,264,952,953,655,1796,3833],"class_list":["post-11834","post","type-post","status-publish","format-standard","has-post-thumbnail","hentry","category-politica","tag-capitanich","tag-chaco","tag-gabinete","tag-gutierrez","tag-livio","tag-panzardi","tag-periodistas","tag-viaticos"],"_links":{"self":[{"href":"https:\/\/hdpnoticias.com.ar\/index.php?rest_route=\/wp\/v2\/posts\/11834","targetHints":{"allow":["GET"]}}],"collection":[{"href":"https:\/\/hdpnoticias.com.ar\/index.php?rest_route=\/wp\/v2\/posts"}],"about":[{"href":"https:\/\/hdpnoticias.com.ar\/index.php?rest_route=\/wp\/v2\/types\/post"}],"author":[{"embeddable":true,"href":"https:\/\/hdpnoticias.com.ar\/index.php?rest_route=\/wp\/v2\/users\/1"}],"replies":[{"embeddable":true,"href":"https:\/\/hdpnoticias.com.ar\/index.php?rest_route=%2Fwp%2Fv2%2Fcomments&post=11834"}],"version-history":[{"count":1,"href":"https:\/\/hdpnoticias.com.ar\/index.php?rest_route=\/wp\/v2\/posts\/11834\/revisions"}],"predecessor-version":[{"id":11836,"href":"https:\/\/hdpnoticias.com.ar\/index.php?rest_route=\/wp\/v2\/posts\/11834\/revisions\/11836"}],"wp:featuredmedia":[{"embeddable":true,"href":"https:\/\/hdpnoticias.com.ar\/index.php?rest_route=\/wp\/v2\/media\/11835"}],"wp:attachment":[{"href":"https:\/\/hdpnoticias.com.ar\/index.php?rest_route=%2Fwp%2Fv2%2Fmedia&parent=11834"}],"wp:term":[{"taxonomy":"category","embeddable":true,"href":"https:\/\/hdpnoticias.com.ar\/index.php?rest_route=%2Fwp%2Fv2%2Fcategories&post=11834"},{"taxonomy":"post_tag","embeddable":true,"href":"https:\/\/hdpnoticias.com.ar\/index.php?rest_route=%2Fwp%2Fv2%2Ftags&post=11834"}],"curies":[{"name":"wp","href":"https:\/\/api.w.org\/{rel}","templated":true}]}}