{"id":11819,"date":"2025-08-06T20:29:39","date_gmt":"2025-08-06T23:29:39","guid":{"rendered":"https:\/\/hdpnoticias.com.ar\/?p=11819"},"modified":"2025-08-06T20:29:46","modified_gmt":"2025-08-06T23:29:46","slug":"trabajador-de-secheep-murio-electrocutado-en-resistencia","status":"publish","type":"post","link":"https:\/\/hdpnoticias.com.ar\/?p=11819","title":{"rendered":"Trabajador de Secheep muri\u00f3 electrocutado en Resistencia"},"content":{"rendered":"\n<figure class=\"wp-block-image size-full\"><img loading=\"lazy\" decoding=\"async\" width=\"728\" height=\"90\" src=\"http:\/\/hdpnoticias.com.ar\/wp-content\/uploads\/2024\/05\/Nachec.gif\" alt=\"\" class=\"wp-image-6814\"\/><\/figure>\n\n\n\n<p>Mat\u00edas Oviedo, operario de Secheep, de 36 a\u00f1os, domiciliado en Barranqueras, muri\u00f3 electrocutado la siesta de este mi\u00e9rcoles cuando trabajaba en reparaciones en un transformador subterr\u00e1neo de la red de suministro.<\/p>\n\n\n\n<p>La tragedia ocurri\u00f3 alrededor de las 15 en la esquina de las calles Ameghino y S\u00e1enz Pe\u00f1a, en el microcentro de Resistencia, a 2 cuadras de la sede de la compa\u00f1\u00eda provincial.<\/p>\n\n\n\n<p>Fue auxiliado inmediatamente por sus compa\u00f1eros de trabajo que lo rescataron de la c\u00e1mara y trasladaron al hospital Perrando en un veh\u00edculo de Secheep, pero al momento de ingresar ya estaba muerto.<\/p>\n\n\n\n<p>Ahora intentan determinar fehacientemente en qu\u00e9 circunstancias recibi\u00f3 la fulminante descarga el\u00e9ctrica. Su cuerpo fue trasladado al Instituto de Mecicina y Ciencias Forenses del Poder Judicial para la pr\u00e1ctica de la autopsia de rigor en estos casos.<\/p>\n\n\n\n<p>Paralelamente, se daba un apag\u00f3n en esa zona de la ciudad, pero t\u00e9cnicos de la empresa aseguraron que el corte no estaba vinculado a la muerte de Oviedo.<\/p>\n","protected":false},"excerpt":{"rendered":"<p>Mat\u00edas Oviedo, operario de Secheep, de 36 a\u00f1os, domiciliado en Barranqueras, muri\u00f3 electrocutado la siesta de este mi\u00e9rcoles cuando trabajaba en reparaciones en un transformador subterr\u00e1neo de la red de suministro. La tragedia ocurri\u00f3 alrededor de las 15 en la esquina de las calles Ameghino y S\u00e1enz Pe\u00f1a, en el microcentro de Resistencia, a 2 [&hellip;]<\/p>\n","protected":false},"author":1,"featured_media":11820,"comment_status":"open","ping_status":"open","sticky":false,"template":"","format":"standard","meta":{"footnotes":""},"categories":[26],"tags":[150,1362,40,49,232],"class_list":["post-11819","post","type-post","status-publish","format-standard","has-post-thumbnail","hentry","category-policiales","tag-electrocutado","tag-microcentro","tag-perrando","tag-resistencia","tag-secheep"],"_links":{"self":[{"href":"https:\/\/hdpnoticias.com.ar\/index.php?rest_route=\/wp\/v2\/posts\/11819","targetHints":{"allow":["GET"]}}],"collection":[{"href":"https:\/\/hdpnoticias.com.ar\/index.php?rest_route=\/wp\/v2\/posts"}],"about":[{"href":"https:\/\/hdpnoticias.com.ar\/index.php?rest_route=\/wp\/v2\/types\/post"}],"author":[{"embeddable":true,"href":"https:\/\/hdpnoticias.com.ar\/index.php?rest_route=\/wp\/v2\/users\/1"}],"replies":[{"embeddable":true,"href":"https:\/\/hdpnoticias.com.ar\/index.php?rest_route=%2Fwp%2Fv2%2Fcomments&post=11819"}],"version-history":[{"count":1,"href":"https:\/\/hdpnoticias.com.ar\/index.php?rest_route=\/wp\/v2\/posts\/11819\/revisions"}],"predecessor-version":[{"id":11821,"href":"https:\/\/hdpnoticias.com.ar\/index.php?rest_route=\/wp\/v2\/posts\/11819\/revisions\/11821"}],"wp:featuredmedia":[{"embeddable":true,"href":"https:\/\/hdpnoticias.com.ar\/index.php?rest_route=\/wp\/v2\/media\/11820"}],"wp:attachment":[{"href":"https:\/\/hdpnoticias.com.ar\/index.php?rest_route=%2Fwp%2Fv2%2Fmedia&parent=11819"}],"wp:term":[{"taxonomy":"category","embeddable":true,"href":"https:\/\/hdpnoticias.com.ar\/index.php?rest_route=%2Fwp%2Fv2%2Fcategories&post=11819"},{"taxonomy":"post_tag","embeddable":true,"href":"https:\/\/hdpnoticias.com.ar\/index.php?rest_route=%2Fwp%2Fv2%2Ftags&post=11819"}],"curies":[{"name":"wp","href":"https:\/\/api.w.org\/{rel}","templated":true}]}}