{"id":11771,"date":"2025-08-01T06:56:56","date_gmt":"2025-08-01T09:56:56","guid":{"rendered":"https:\/\/hdpnoticias.com.ar\/?p=11771"},"modified":"2025-08-01T07:07:43","modified_gmt":"2025-08-01T10:07:43","slug":"iban-sobre-un-camion-y-tocaron-un-cable-uno-murio-electrocutado","status":"publish","type":"post","link":"https:\/\/hdpnoticias.com.ar\/?p=11771","title":{"rendered":"Iban sobre un cami\u00f3n y tocaron un cable: uno muri\u00f3 electrocutado"},"content":{"rendered":"\n<figure class=\"wp-block-image size-full\"><img loading=\"lazy\" decoding=\"async\" width=\"720\" height=\"90\" src=\"http:\/\/hdpnoticias.com.ar\/wp-content\/uploads\/2024\/05\/Obras-Publicas.gif\" alt=\"\" class=\"wp-image-6818\"\/><\/figure>\n\n\n\n<p>3 hombres que viajaban sobre un cami\u00f3n sufrieron una descarga el\u00e9ctrica la tarde de este jueves en Los Frentones<\/p>\n\n\n\n<p>Iban montados sobre la carga de un Scania semirremolque de una compa\u00f1\u00eda chilena, repleto de bolsas de carb\u00f3n, y cuando el veh\u00edculo iba a ascender a la ruta nacional 16, en el kil\u00f3metro 286, los 3 tomaron cables de la red el\u00e9ctrica para levantarlos y cruzar por debajo.<\/p>\n\n\n\n<p>En ese instante recibieron la descarga. Uno de ellos: Germ\u00e1n Carrizo, muri\u00f3 en el acto y cay\u00f3 del cami\u00f3n, mientras sus compa\u00f1eros: Mario Herrera, de 31 a\u00f1os, y Uriel Herrera, de 18, sufrieron quemaduras en ambos miembros superiores y el rostro.<\/p>\n\n\n\n<p>Estos fueron trasladados al hospital local y desde ah\u00ed derivados al hospital 4 de Junio, de Presidencia Roque S\u00e1enz Pe\u00f1a.<\/p>\n\n\n\n<p><strong>Tragedia en Castelli<\/strong><\/p>\n\n\n\n<p>La noche del \u00faltimo mi\u00e9rcoles 2 operarios de 18 y 20 a\u00f1os que realizaban una perforaci\u00f3n en la zona rural de Juan Jos\u00e9 Castelli, <strong><a href=\"https:\/\/hdpnoticias.com.ar\/?p=11768\">murieron electrocutados<\/a><\/strong> cuando una barra de hierro de la perforadora toc\u00f3 cables de media tensi\u00f3n.<\/p>\n","protected":false},"excerpt":{"rendered":"<p>3 hombres que viajaban sobre un cami\u00f3n sufrieron una descarga el\u00e9ctrica la tarde de este jueves en Los Frentones Iban montados sobre la carga de un Scania semirremolque de una compa\u00f1\u00eda chilena, repleto de bolsas de carb\u00f3n, y cuando el veh\u00edculo iba a ascender a la ruta nacional 16, en el kil\u00f3metro 286, los 3 [&hellip;]<\/p>\n","protected":false},"author":1,"featured_media":11772,"comment_status":"open","ping_status":"open","sticky":false,"template":"","format":"standard","meta":{"footnotes":""},"categories":[6,26],"tags":[5120,5118,491,218,754],"class_list":["post-11771","post","type-post","status-publish","format-standard","has-post-thumbnail","hentry","category-info-general","category-policiales","tag-carbon","tag-electrocutados","tag-los-frentones","tag-ruta-16","tag-scania"],"_links":{"self":[{"href":"https:\/\/hdpnoticias.com.ar\/index.php?rest_route=\/wp\/v2\/posts\/11771","targetHints":{"allow":["GET"]}}],"collection":[{"href":"https:\/\/hdpnoticias.com.ar\/index.php?rest_route=\/wp\/v2\/posts"}],"about":[{"href":"https:\/\/hdpnoticias.com.ar\/index.php?rest_route=\/wp\/v2\/types\/post"}],"author":[{"embeddable":true,"href":"https:\/\/hdpnoticias.com.ar\/index.php?rest_route=\/wp\/v2\/users\/1"}],"replies":[{"embeddable":true,"href":"https:\/\/hdpnoticias.com.ar\/index.php?rest_route=%2Fwp%2Fv2%2Fcomments&post=11771"}],"version-history":[{"count":2,"href":"https:\/\/hdpnoticias.com.ar\/index.php?rest_route=\/wp\/v2\/posts\/11771\/revisions"}],"predecessor-version":[{"id":11775,"href":"https:\/\/hdpnoticias.com.ar\/index.php?rest_route=\/wp\/v2\/posts\/11771\/revisions\/11775"}],"wp:featuredmedia":[{"embeddable":true,"href":"https:\/\/hdpnoticias.com.ar\/index.php?rest_route=\/wp\/v2\/media\/11772"}],"wp:attachment":[{"href":"https:\/\/hdpnoticias.com.ar\/index.php?rest_route=%2Fwp%2Fv2%2Fmedia&parent=11771"}],"wp:term":[{"taxonomy":"category","embeddable":true,"href":"https:\/\/hdpnoticias.com.ar\/index.php?rest_route=%2Fwp%2Fv2%2Fcategories&post=11771"},{"taxonomy":"post_tag","embeddable":true,"href":"https:\/\/hdpnoticias.com.ar\/index.php?rest_route=%2Fwp%2Fv2%2Ftags&post=11771"}],"curies":[{"name":"wp","href":"https:\/\/api.w.org\/{rel}","templated":true}]}}