{"id":11759,"date":"2025-07-31T20:54:16","date_gmt":"2025-07-31T23:54:16","guid":{"rendered":"https:\/\/hdpnoticias.com.ar\/?p=11759"},"modified":"2025-07-31T21:02:22","modified_gmt":"2025-08-01T00:02:22","slug":"investigados-por-amenazas-cayeron-por-drogas-en-la-zona-norte-resistencia","status":"publish","type":"post","link":"https:\/\/hdpnoticias.com.ar\/?p=11759","title":{"rendered":"Investigados por amenazas cayeron por drogas en la zona norte de Resistencia"},"content":{"rendered":"\n<figure class=\"wp-block-image size-full\"><img loading=\"lazy\" decoding=\"async\" width=\"720\" height=\"90\" src=\"http:\/\/hdpnoticias.com.ar\/wp-content\/uploads\/2024\/05\/Obras-Publicas.gif\" alt=\"\" class=\"wp-image-6818\"\/><\/figure>\n\n\n\n<p>Este jueves la Polic\u00eda allan\u00f3 2 domicilios en el barrio Don Santiago, en el marco de una causa iniciada por 3 persones que el pasado 25 de julio denunciaron haber sido amenazadas con armas de fuego en el barrio Nal\u00e1, en la zona norte de Resistencia.<\/p>\n\n\n\n<p>Uno de los procedimientos se llev\u00f3 a cabo en la vivienda de Alan y Alexis, ambos de 21 a\u00f1os, sindicados como los autores de las amenazas, que fueron detenidos.<\/p>\n\n\n\n<p>Ah\u00ed encontraron una pistola Bersa calibre 380, con cargador y proyectiles; 176 gramos de coca\u00edna y 203.000 pesos, que fueron secuestrados, m\u00e1s un tel\u00e9fono celular iPhone y otros elementos de inter\u00e9s para la causa.<\/p>\n\n\n\n<p>El segundo allanamiento fue en el mismo barrio, en la casa de otro de los implicados, de 37 a\u00f1os, que tambi\u00e9n termin\u00f3 detenido. En ese lugar la Polic\u00eda encontr\u00f3 167 gramos de coca\u00edna y 297.220 pesos. Adem\u00e1s secuestraron una importante cantidad de muebles y electrodom\u00e9sticos que los investigadores consideran de inter\u00e9s para la causa.<\/p>\n","protected":false},"excerpt":{"rendered":"<p>Este jueves la Polic\u00eda allan\u00f3 2 domicilios en el barrio Don Santiago, en el marco de una causa iniciada por 3 persones que el pasado 25 de julio denunciaron haber sido amenazadas con armas de fuego en el barrio Nal\u00e1, en la zona norte de Resistencia. Uno de los procedimientos se llev\u00f3 a cabo en [&hellip;]<\/p>\n","protected":false},"author":1,"featured_media":11760,"comment_status":"open","ping_status":"open","sticky":false,"template":"","format":"standard","meta":{"footnotes":""},"categories":[26],"tags":[1040,864,1933,123,3888,210,49],"class_list":["post-11759","post","type-post","status-publish","format-standard","has-post-thumbnail","hentry","category-policiales","tag-allanamientos","tag-amenazas","tag-bersa","tag-cocaina","tag-don-santiago","tag-narco","tag-resistencia"],"_links":{"self":[{"href":"https:\/\/hdpnoticias.com.ar\/index.php?rest_route=\/wp\/v2\/posts\/11759","targetHints":{"allow":["GET"]}}],"collection":[{"href":"https:\/\/hdpnoticias.com.ar\/index.php?rest_route=\/wp\/v2\/posts"}],"about":[{"href":"https:\/\/hdpnoticias.com.ar\/index.php?rest_route=\/wp\/v2\/types\/post"}],"author":[{"embeddable":true,"href":"https:\/\/hdpnoticias.com.ar\/index.php?rest_route=\/wp\/v2\/users\/1"}],"replies":[{"embeddable":true,"href":"https:\/\/hdpnoticias.com.ar\/index.php?rest_route=%2Fwp%2Fv2%2Fcomments&post=11759"}],"version-history":[{"count":3,"href":"https:\/\/hdpnoticias.com.ar\/index.php?rest_route=\/wp\/v2\/posts\/11759\/revisions"}],"predecessor-version":[{"id":11763,"href":"https:\/\/hdpnoticias.com.ar\/index.php?rest_route=\/wp\/v2\/posts\/11759\/revisions\/11763"}],"wp:featuredmedia":[{"embeddable":true,"href":"https:\/\/hdpnoticias.com.ar\/index.php?rest_route=\/wp\/v2\/media\/11760"}],"wp:attachment":[{"href":"https:\/\/hdpnoticias.com.ar\/index.php?rest_route=%2Fwp%2Fv2%2Fmedia&parent=11759"}],"wp:term":[{"taxonomy":"category","embeddable":true,"href":"https:\/\/hdpnoticias.com.ar\/index.php?rest_route=%2Fwp%2Fv2%2Fcategories&post=11759"},{"taxonomy":"post_tag","embeddable":true,"href":"https:\/\/hdpnoticias.com.ar\/index.php?rest_route=%2Fwp%2Fv2%2Ftags&post=11759"}],"curies":[{"name":"wp","href":"https:\/\/api.w.org\/{rel}","templated":true}]}}