{"id":11748,"date":"2025-07-30T21:45:51","date_gmt":"2025-07-31T00:45:51","guid":{"rendered":"https:\/\/hdpnoticias.com.ar\/?p=11748"},"modified":"2025-07-30T21:45:56","modified_gmt":"2025-07-31T00:45:56","slug":"detuvieron-al-hombre-buscado-por-el-crimen-en-fontana","status":"publish","type":"post","link":"https:\/\/hdpnoticias.com.ar\/?p=11748","title":{"rendered":"Detuvieron al hombre buscado por el crimen en Fontana"},"content":{"rendered":"\n<figure class=\"wp-block-image size-full\"><img loading=\"lazy\" decoding=\"async\" width=\"720\" height=\"90\" src=\"http:\/\/hdpnoticias.com.ar\/wp-content\/uploads\/2024\/05\/Obras-Publicas.gif\" alt=\"\" class=\"wp-image-6818\"\/><\/figure>\n\n\n\n<p>La medianoche del martes un ladr\u00f3n atac\u00f3 con un cuchillo a Juan Carlos Barbetti, de 60 a\u00f1os, en su casa del barrio 440 Viviendas, de Fontana. Para robarle el celular y la billetera, le asest\u00f3 <strong><a href=\"https:\/\/hdpnoticias.com.ar\/?p=11745\">una pu\u00f1alada en el cuello<\/a><\/strong>, que le caus\u00f3 la muerte poco despu\u00e9s.<\/p>\n\n\n\n<p>Los testigos lo reconocieron como Marcos Ra\u00fal Rodr\u00edguez, domiciliado en el barrio Balastro. Tiene 29 a\u00f1os.<\/p>\n\n\n\n<p>La Polic\u00eda lo busc\u00f3 intensamente hasta que un llamado an\u00f3nimo dio pistas sobre su paradero y fue detenido en Villa Horqueta, en Resistencia, y alojado en la Comisar\u00eda S\u00e9ptima.<\/p>\n","protected":false},"excerpt":{"rendered":"<p>La medianoche del martes un ladr\u00f3n atac\u00f3 con un cuchillo a Juan Carlos Barbetti, de 60 a\u00f1os, en su casa del barrio 440 Viviendas, de Fontana. Para robarle el celular y la billetera, le asest\u00f3 una pu\u00f1alada en el cuello, que le caus\u00f3 la muerte poco despu\u00e9s. Los testigos lo reconocieron como Marcos Ra\u00fal Rodr\u00edguez, [&hellip;]<\/p>\n","protected":false},"author":1,"featured_media":11749,"comment_status":"open","ping_status":"open","sticky":false,"template":"","format":"standard","meta":{"footnotes":""},"categories":[26],"tags":[87,75,55,49],"class_list":["post-11748","post","type-post","status-publish","format-standard","has-post-thumbnail","hentry","category-policiales","tag-crimen","tag-fontana","tag-policia","tag-resistencia"],"_links":{"self":[{"href":"https:\/\/hdpnoticias.com.ar\/index.php?rest_route=\/wp\/v2\/posts\/11748","targetHints":{"allow":["GET"]}}],"collection":[{"href":"https:\/\/hdpnoticias.com.ar\/index.php?rest_route=\/wp\/v2\/posts"}],"about":[{"href":"https:\/\/hdpnoticias.com.ar\/index.php?rest_route=\/wp\/v2\/types\/post"}],"author":[{"embeddable":true,"href":"https:\/\/hdpnoticias.com.ar\/index.php?rest_route=\/wp\/v2\/users\/1"}],"replies":[{"embeddable":true,"href":"https:\/\/hdpnoticias.com.ar\/index.php?rest_route=%2Fwp%2Fv2%2Fcomments&post=11748"}],"version-history":[{"count":1,"href":"https:\/\/hdpnoticias.com.ar\/index.php?rest_route=\/wp\/v2\/posts\/11748\/revisions"}],"predecessor-version":[{"id":11751,"href":"https:\/\/hdpnoticias.com.ar\/index.php?rest_route=\/wp\/v2\/posts\/11748\/revisions\/11751"}],"wp:featuredmedia":[{"embeddable":true,"href":"https:\/\/hdpnoticias.com.ar\/index.php?rest_route=\/wp\/v2\/media\/11749"}],"wp:attachment":[{"href":"https:\/\/hdpnoticias.com.ar\/index.php?rest_route=%2Fwp%2Fv2%2Fmedia&parent=11748"}],"wp:term":[{"taxonomy":"category","embeddable":true,"href":"https:\/\/hdpnoticias.com.ar\/index.php?rest_route=%2Fwp%2Fv2%2Fcategories&post=11748"},{"taxonomy":"post_tag","embeddable":true,"href":"https:\/\/hdpnoticias.com.ar\/index.php?rest_route=%2Fwp%2Fv2%2Ftags&post=11748"}],"curies":[{"name":"wp","href":"https:\/\/api.w.org\/{rel}","templated":true}]}}