{"id":11745,"date":"2025-07-30T15:52:57","date_gmt":"2025-07-30T18:52:57","guid":{"rendered":"https:\/\/hdpnoticias.com.ar\/?p=11745"},"modified":"2025-07-30T21:45:18","modified_gmt":"2025-07-31T00:45:18","slug":"mataron-al-padre-de-un-policia-en-fontana","status":"publish","type":"post","link":"https:\/\/hdpnoticias.com.ar\/?p=11745","title":{"rendered":"Mataron al padre de un polic\u00eda en Fontana"},"content":{"rendered":"\n<figure class=\"wp-block-image size-full\"><img loading=\"lazy\" decoding=\"async\" width=\"728\" height=\"90\" src=\"http:\/\/hdpnoticias.com.ar\/wp-content\/uploads\/2024\/05\/Nachec.gif\" alt=\"\" class=\"wp-image-6814\"\/><\/figure>\n\n\n\n<p>La medianoche del martes Juan Carlos Barbetti, de 60 a\u00f1os, fue atacado en su casa del barrio 444 Viviendas, de Fontana, por un sujeto que lo hiri\u00f3 con un cuchillo en el cuello y escap\u00f3 llev\u00e1dose su billetera, tel\u00e9fono celular y otras pertenencias.<\/p>\n\n\n\n<p>Barbetti fue auxiliado y trasladado de urgencia al hospital local Luis Fleitas, y desde ah\u00ed derivado al Perrando, de Resistencia, donde ingres\u00f3 ya sin vida.<\/p>\n\n\n\n<p>Los testigos identificaron al agresor como Marcos Ra\u00fal Rodr\u00edguez, domiciliado en el barrio Balastro, de Fontana. Desde entonces es intensamente buscado.<\/p>\n\n\n\n<p>La v\u00edctima es padre del sargento Nicol\u00e1s Barbetti, que presta servicios en el Departamento Log\u00edstica de la Polic\u00eda del Chaco.<\/p>\n","protected":false},"excerpt":{"rendered":"<p>La medianoche del martes Juan Carlos Barbetti, de 60 a\u00f1os, fue atacado en su casa del barrio 444 Viviendas, de Fontana, por un sujeto que lo hiri\u00f3 con un cuchillo en el cuello y escap\u00f3 llev\u00e1dose su billetera, tel\u00e9fono celular y otras pertenencias. Barbetti fue auxiliado y trasladado de urgencia al hospital local Luis Fleitas, [&hellip;]<\/p>\n","protected":false},"author":1,"featured_media":11746,"comment_status":"open","ping_status":"open","sticky":false,"template":"","format":"standard","meta":{"footnotes":""},"categories":[26],"tags":[87,75,40,55,49,57],"class_list":["post-11745","post","type-post","status-publish","format-standard","has-post-thumbnail","hentry","category-policiales","tag-crimen","tag-fontana","tag-perrando","tag-policia","tag-resistencia","tag-robo"],"_links":{"self":[{"href":"https:\/\/hdpnoticias.com.ar\/index.php?rest_route=\/wp\/v2\/posts\/11745","targetHints":{"allow":["GET"]}}],"collection":[{"href":"https:\/\/hdpnoticias.com.ar\/index.php?rest_route=\/wp\/v2\/posts"}],"about":[{"href":"https:\/\/hdpnoticias.com.ar\/index.php?rest_route=\/wp\/v2\/types\/post"}],"author":[{"embeddable":true,"href":"https:\/\/hdpnoticias.com.ar\/index.php?rest_route=\/wp\/v2\/users\/1"}],"replies":[{"embeddable":true,"href":"https:\/\/hdpnoticias.com.ar\/index.php?rest_route=%2Fwp%2Fv2%2Fcomments&post=11745"}],"version-history":[{"count":2,"href":"https:\/\/hdpnoticias.com.ar\/index.php?rest_route=\/wp\/v2\/posts\/11745\/revisions"}],"predecessor-version":[{"id":11750,"href":"https:\/\/hdpnoticias.com.ar\/index.php?rest_route=\/wp\/v2\/posts\/11745\/revisions\/11750"}],"wp:featuredmedia":[{"embeddable":true,"href":"https:\/\/hdpnoticias.com.ar\/index.php?rest_route=\/wp\/v2\/media\/11746"}],"wp:attachment":[{"href":"https:\/\/hdpnoticias.com.ar\/index.php?rest_route=%2Fwp%2Fv2%2Fmedia&parent=11745"}],"wp:term":[{"taxonomy":"category","embeddable":true,"href":"https:\/\/hdpnoticias.com.ar\/index.php?rest_route=%2Fwp%2Fv2%2Fcategories&post=11745"},{"taxonomy":"post_tag","embeddable":true,"href":"https:\/\/hdpnoticias.com.ar\/index.php?rest_route=%2Fwp%2Fv2%2Ftags&post=11745"}],"curies":[{"name":"wp","href":"https:\/\/api.w.org\/{rel}","templated":true}]}}