{"id":1174,"date":"2023-03-08T11:35:49","date_gmt":"2023-03-08T14:35:49","guid":{"rendered":"http:\/\/hdpnoticias.com.ar\/?p=1174"},"modified":"2023-03-08T11:36:52","modified_gmt":"2023-03-08T14:36:52","slug":"el-parana-subio-3-metros-en-27-dias-y-salto-de-bajante-historica-a-alerta-por-creciente","status":"publish","type":"post","link":"https:\/\/hdpnoticias.com.ar\/?p=1174","title":{"rendered":"El Paran\u00e1 subi\u00f3 3 metros en 27 d\u00edas y salt\u00f3 de bajante hist\u00f3rica a alerta por creciente"},"content":{"rendered":"\n<p>Las \u00faltimas lluvias en toda la cuenca del r\u00edo Paran\u00e1 generaron un repunte de la cota pasando de la bajante m\u00e1s cr\u00edtica desde que se tienen registros, cayendo hasta los 2 cent\u00edmetros, a acercarse peligrosamente al nivel de alerta por creciente.<\/p>\n\n\n\n<p>El 8 de febrero pasado el hidr\u00f3metro de Prefectura Naval Argentina en el Puerto Barranqueras registr\u00f3 2,42 metros el 8 de febrero, y la medianoche del martes 7 de marzo ya hab\u00eda trepado a 5,41: sum\u00f3 2,99 en 27 d\u00edas.<\/p>\n\n\n\n<p>El \u00faltimo pico significativo en pr\u00e1cticamente 4 a\u00f1os de bajante por sequ\u00eda se dio el pasado 27 de octubre, cuando el hidr\u00f3metro midi\u00f3 4,89 metros. En todo este tiempo la cota s\u00f3lo se elevaba por la apertura de las represas hidroel\u00e9ctrica Itaip\u00fa y Yacyret\u00e1 para posibilitar la navegaci\u00f3n de las barcazas con cargas de exportaci\u00f3n provenientes de Paraguay.<\/p>\n\n\n\n<p>Ahora todas las miradas se centran en la escala que fija el nivel de \u201calerta\u201d a los 6 metros, y el de \u201cevacuaci\u00f3n\u201d a los 6,50.<\/p>\n","protected":false},"excerpt":{"rendered":"<p>Las \u00faltimas lluvias en toda la cuenca del r\u00edo Paran\u00e1 generaron un repunte de la cota pasando de la bajante m\u00e1s cr\u00edtica desde que se tienen registros, cayendo hasta los 2 cent\u00edmetros, a acercarse peligrosamente al nivel de alerta por creciente. El 8 de febrero pasado el hidr\u00f3metro de Prefectura Naval Argentina en el Puerto [&hellip;]<\/p>\n","protected":false},"author":1,"featured_media":1175,"comment_status":"open","ping_status":"open","sticky":false,"template":"","format":"standard","meta":{"footnotes":""},"categories":[6],"tags":[],"class_list":["post-1174","post","type-post","status-publish","format-standard","has-post-thumbnail","hentry","category-info-general"],"_links":{"self":[{"href":"https:\/\/hdpnoticias.com.ar\/index.php?rest_route=\/wp\/v2\/posts\/1174","targetHints":{"allow":["GET"]}}],"collection":[{"href":"https:\/\/hdpnoticias.com.ar\/index.php?rest_route=\/wp\/v2\/posts"}],"about":[{"href":"https:\/\/hdpnoticias.com.ar\/index.php?rest_route=\/wp\/v2\/types\/post"}],"author":[{"embeddable":true,"href":"https:\/\/hdpnoticias.com.ar\/index.php?rest_route=\/wp\/v2\/users\/1"}],"replies":[{"embeddable":true,"href":"https:\/\/hdpnoticias.com.ar\/index.php?rest_route=%2Fwp%2Fv2%2Fcomments&post=1174"}],"version-history":[{"count":2,"href":"https:\/\/hdpnoticias.com.ar\/index.php?rest_route=\/wp\/v2\/posts\/1174\/revisions"}],"predecessor-version":[{"id":1177,"href":"https:\/\/hdpnoticias.com.ar\/index.php?rest_route=\/wp\/v2\/posts\/1174\/revisions\/1177"}],"wp:featuredmedia":[{"embeddable":true,"href":"https:\/\/hdpnoticias.com.ar\/index.php?rest_route=\/wp\/v2\/media\/1175"}],"wp:attachment":[{"href":"https:\/\/hdpnoticias.com.ar\/index.php?rest_route=%2Fwp%2Fv2%2Fmedia&parent=1174"}],"wp:term":[{"taxonomy":"category","embeddable":true,"href":"https:\/\/hdpnoticias.com.ar\/index.php?rest_route=%2Fwp%2Fv2%2Fcategories&post=1174"},{"taxonomy":"post_tag","embeddable":true,"href":"https:\/\/hdpnoticias.com.ar\/index.php?rest_route=%2Fwp%2Fv2%2Ftags&post=1174"}],"curies":[{"name":"wp","href":"https:\/\/api.w.org\/{rel}","templated":true}]}}