{"id":11707,"date":"2025-07-25T07:14:50","date_gmt":"2025-07-25T10:14:50","guid":{"rendered":"https:\/\/hdpnoticias.com.ar\/?p=11707"},"modified":"2025-07-25T07:14:54","modified_gmt":"2025-07-25T10:14:54","slug":"bacileff-ivanoff-gustavo-martinez-no-tiene-nada-para-aportarle-a-capitanich","status":"publish","type":"post","link":"https:\/\/hdpnoticias.com.ar\/?p=11707","title":{"rendered":"Bacileff Ivanoff: Gustavo Mart\u00ednez no tiene nada para aportarle a Capitanich"},"content":{"rendered":"\n<figure class=\"wp-block-image size-full\"><img loading=\"lazy\" decoding=\"async\" width=\"728\" height=\"90\" src=\"http:\/\/hdpnoticias.com.ar\/wp-content\/uploads\/2024\/05\/Nachec.gif\" alt=\"\" class=\"wp-image-6814\"\/><\/figure>\n\n\n\n<p>El exvicegobernador Juan Carlos Bacileff Ivanoff reiter\u00f3 que est\u00e1 decidido a competir en las elecciones legislativas nacionales del 26 de octubre con su Frente Integrador, al que se sumar\u00edan otros partidos y organizaciones pol\u00edticas.<\/p>\n\n\n\n<p>Aunque no descarta la posibilidad de di\u00e1logo con el exgobernador Jorge Capitanich, presidente del Partido Justicialista, abocado a lograr la \u201cunidad del peronismo\u201d, dijo que seguir\u00e1 adelanta con la construcci\u00f3n de una alianza propia.<\/p>\n\n\n\n<p>En este sentido, admiti\u00f3 cierta falta de voluntad de la otra parte al contar que d\u00edas atr\u00e1s llam\u00f3 a Capitanich y que \u00e9ste le dijo que estaba ocupado y prometi\u00f3 devolverle la llamada pero no lo hizo.<\/p>\n\n\n\n<p>Enfrente, el coquismo pretende reeditar la unidad que se diera en las elecciones provinciales con la Corriente de Expresi\u00f3n Renovada que lidera Gustavo Mart\u00ednez, m\u00e1s la incorporaci\u00f3n de Primero Chaco, que en mayo present\u00f3 boleta propia.<\/p>\n\n\n\n<p>\u201cGustavo Mart\u00ednez no tiene nada para aportarle a Capitanich, porque \u00e9l lo \u00fanico que hizo siempre fue robar boletas, pero ahora con la boleta \u00fanica de papel se le termin\u00f3 el curro\u201d, dijo Bacileff Ivanoff relativizando el peso de la unidad peronista que se cree que se plasmar\u00e1 con Capitanich y Mart\u00ednez como candidatos.<\/p>\n\n\n\n<p>Seg\u00fan cont\u00f3, fue justamente la implementaci\u00f3n de la boleta \u00fanica lo que lo alent\u00f3 a volver al ruedo electoral cuando ya hab\u00eda decidido dar un paso al costado. Desde su perspectiva, ahora sus chances son mayores que en oportunidades anteriores en las que fue sustancialmente afectado por el robo de votos.<\/p>\n\n\n\n<p>\u201cEl fulano este nos rob\u00f3 todas las boletas para ver si as\u00ed llegaba a ser la tercera fuerza\u201d, insisti\u00f3, apuntando a Gustavo Mart\u00ednez, y remat\u00f3: No tiene nada para aportarle al PJ, si cuando fue intendente de Resistencia no pudo meter ni un diputado\u201d.<\/p>\n","protected":false},"excerpt":{"rendered":"<p>El exvicegobernador Juan Carlos Bacileff Ivanoff reiter\u00f3 que est\u00e1 decidido a competir en las elecciones legislativas nacionales del 26 de octubre con su Frente Integrador, al que se sumar\u00edan otros partidos y organizaciones pol\u00edticas. Aunque no descarta la posibilidad de di\u00e1logo con el exgobernador Jorge Capitanich, presidente del Partido Justicialista, abocado a lograr la \u201cunidad [&hellip;]<\/p>\n","protected":false},"author":1,"featured_media":538,"comment_status":"open","ping_status":"open","sticky":false,"template":"","format":"standard","meta":{"footnotes":""},"categories":[27],"tags":[243,5102,29,246,242,1337,248,4714],"class_list":["post-11707","post","type-post","status-publish","format-standard","has-post-thumbnail","hentry","category-politica","tag-bacileff-ivanoff","tag-boleta-unica","tag-capitanich","tag-elecciones","tag-gustavo","tag-peronismo","tag-pj","tag-primero-chaco"],"_links":{"self":[{"href":"https:\/\/hdpnoticias.com.ar\/index.php?rest_route=\/wp\/v2\/posts\/11707","targetHints":{"allow":["GET"]}}],"collection":[{"href":"https:\/\/hdpnoticias.com.ar\/index.php?rest_route=\/wp\/v2\/posts"}],"about":[{"href":"https:\/\/hdpnoticias.com.ar\/index.php?rest_route=\/wp\/v2\/types\/post"}],"author":[{"embeddable":true,"href":"https:\/\/hdpnoticias.com.ar\/index.php?rest_route=\/wp\/v2\/users\/1"}],"replies":[{"embeddable":true,"href":"https:\/\/hdpnoticias.com.ar\/index.php?rest_route=%2Fwp%2Fv2%2Fcomments&post=11707"}],"version-history":[{"count":1,"href":"https:\/\/hdpnoticias.com.ar\/index.php?rest_route=\/wp\/v2\/posts\/11707\/revisions"}],"predecessor-version":[{"id":11708,"href":"https:\/\/hdpnoticias.com.ar\/index.php?rest_route=\/wp\/v2\/posts\/11707\/revisions\/11708"}],"wp:featuredmedia":[{"embeddable":true,"href":"https:\/\/hdpnoticias.com.ar\/index.php?rest_route=\/wp\/v2\/media\/538"}],"wp:attachment":[{"href":"https:\/\/hdpnoticias.com.ar\/index.php?rest_route=%2Fwp%2Fv2%2Fmedia&parent=11707"}],"wp:term":[{"taxonomy":"category","embeddable":true,"href":"https:\/\/hdpnoticias.com.ar\/index.php?rest_route=%2Fwp%2Fv2%2Fcategories&post=11707"},{"taxonomy":"post_tag","embeddable":true,"href":"https:\/\/hdpnoticias.com.ar\/index.php?rest_route=%2Fwp%2Fv2%2Ftags&post=11707"}],"curies":[{"name":"wp","href":"https:\/\/api.w.org\/{rel}","templated":true}]}}