{"id":11692,"date":"2025-07-23T10:25:00","date_gmt":"2025-07-23T13:25:00","guid":{"rendered":"https:\/\/hdpnoticias.com.ar\/?p=11692"},"modified":"2025-07-23T22:36:39","modified_gmt":"2025-07-24T01:36:39","slug":"pampa-del-indio-encontraron-un-feto-en-el-patio-de-una-casa","status":"publish","type":"post","link":"https:\/\/hdpnoticias.com.ar\/?p=11692","title":{"rendered":"Pampa del Indio: encontraron un feto en el patio de una casa"},"content":{"rendered":"\n<figure class=\"wp-block-image size-full\"><img loading=\"lazy\" decoding=\"async\" width=\"720\" height=\"90\" src=\"http:\/\/hdpnoticias.com.ar\/wp-content\/uploads\/2024\/05\/Copy-of-720x90-1.gif\" alt=\"\" class=\"wp-image-6806\"\/><\/figure>\n\n\n\n<p>La ma\u00f1ana de este mi\u00e9rcoles, una vecina de la calle Combate Vuelta de Obligado, de Pampa del Indio, encontr\u00f3 un feto en el patio de su casa.<\/p>\n\n\n\n<p>La mujer dijo que realizaba las habituales tareas de limpieza cuando una bolsa le llam\u00f3 la atenci\u00f3n y al revisarla el contenido la dej\u00f3 estupefacta.<\/p>\n\n\n\n<p>De inmediato dio aviso a la Polic\u00eda y una enfermera del hospital local acudi\u00f3 al lugar y estim\u00f3 en 4 meses el tiempo de gestaci\u00f3n.<\/p>\n\n\n\n<p>La fiscal Noelia Mi\u00f1o asumi\u00f3 la investigaci\u00f3n del caso.<\/p>\n","protected":false},"excerpt":{"rendered":"<p>La ma\u00f1ana de este mi\u00e9rcoles, una vecina de la calle Combate Vuelta de Obligado, de Pampa del Indio, encontr\u00f3 un feto en el patio de su casa. La mujer dijo que realizaba las habituales tareas de limpieza cuando una bolsa le llam\u00f3 la atenci\u00f3n y al revisarla el contenido la dej\u00f3 estupefacta. De inmediato dio [&hellip;]<\/p>\n","protected":false},"author":1,"featured_media":11693,"comment_status":"open","ping_status":"open","sticky":false,"template":"","format":"standard","meta":{"footnotes":""},"categories":[26],"tags":[5097,755],"class_list":["post-11692","post","type-post","status-publish","format-standard","has-post-thumbnail","hentry","category-policiales","tag-feto","tag-pampa-del-indio"],"_links":{"self":[{"href":"https:\/\/hdpnoticias.com.ar\/index.php?rest_route=\/wp\/v2\/posts\/11692","targetHints":{"allow":["GET"]}}],"collection":[{"href":"https:\/\/hdpnoticias.com.ar\/index.php?rest_route=\/wp\/v2\/posts"}],"about":[{"href":"https:\/\/hdpnoticias.com.ar\/index.php?rest_route=\/wp\/v2\/types\/post"}],"author":[{"embeddable":true,"href":"https:\/\/hdpnoticias.com.ar\/index.php?rest_route=\/wp\/v2\/users\/1"}],"replies":[{"embeddable":true,"href":"https:\/\/hdpnoticias.com.ar\/index.php?rest_route=%2Fwp%2Fv2%2Fcomments&post=11692"}],"version-history":[{"count":1,"href":"https:\/\/hdpnoticias.com.ar\/index.php?rest_route=\/wp\/v2\/posts\/11692\/revisions"}],"predecessor-version":[{"id":11694,"href":"https:\/\/hdpnoticias.com.ar\/index.php?rest_route=\/wp\/v2\/posts\/11692\/revisions\/11694"}],"wp:featuredmedia":[{"embeddable":true,"href":"https:\/\/hdpnoticias.com.ar\/index.php?rest_route=\/wp\/v2\/media\/11693"}],"wp:attachment":[{"href":"https:\/\/hdpnoticias.com.ar\/index.php?rest_route=%2Fwp%2Fv2%2Fmedia&parent=11692"}],"wp:term":[{"taxonomy":"category","embeddable":true,"href":"https:\/\/hdpnoticias.com.ar\/index.php?rest_route=%2Fwp%2Fv2%2Fcategories&post=11692"},{"taxonomy":"post_tag","embeddable":true,"href":"https:\/\/hdpnoticias.com.ar\/index.php?rest_route=%2Fwp%2Fv2%2Ftags&post=11692"}],"curies":[{"name":"wp","href":"https:\/\/api.w.org\/{rel}","templated":true}]}}