{"id":11663,"date":"2025-07-19T22:14:14","date_gmt":"2025-07-20T01:14:14","guid":{"rendered":"https:\/\/hdpnoticias.com.ar\/?p=11663"},"modified":"2025-07-19T22:14:20","modified_gmt":"2025-07-20T01:14:20","slug":"bacileff-ivanoff-vamos-a-participar-de-las-elecciones-de-octubre-si-o-si","status":"publish","type":"post","link":"https:\/\/hdpnoticias.com.ar\/?p=11663","title":{"rendered":"Bacileff Ivanoff: Vamos a participar de las elecciones de octubre s\u00ed o s\u00ed"},"content":{"rendered":"\n<figure class=\"wp-block-image size-full\"><img loading=\"lazy\" decoding=\"async\" width=\"720\" height=\"90\" src=\"http:\/\/hdpnoticias.com.ar\/wp-content\/uploads\/2024\/05\/Copy-of-720x90-1.gif\" alt=\"\" class=\"wp-image-6806\"\/><\/figure>\n\n\n\n<p>El exvicegobernador Juan Carlos Bacileff Ivanoff confirm\u00f3 que su Frente Integrador est\u00e1 en carrera para las elecciones de senadores y diputados nacionales de octubre, despu\u00e9s de haberse tomado un turno sab\u00e1tico al no poder acordar su incorporaci\u00f3n a alguno de los frentes en las legislativas provinciales del 11 de mayo.<\/p>\n\n\n\n<p>\u201cVamos a participar de las elecciones s\u00ed o s\u00ed\u201d, asever\u00f3 al contar que \u00e9l mismo se puso al frente de las conversaciones con dirigentes de varios partidos, de distintas extracciones, para conformar una alianza alternativa entre el oficialismo y la oposici\u00f3n dominada por el Partido Justicialista que preside Jorge Capitanich.<\/p>\n\n\n\n<p>\u201cYo hablo con todos\u201d, dijo, pero adelant\u00f3 que el Frente Integrador competir\u00e1 con candidatos propios y que \u00e9l mismo encabezar\u00e1 una de las listas, aunque prefiri\u00f3 no confirmarlo porque \u201ceso tiene que salir por consenso\u201d, algo que a\u00fan no ocurri\u00f3.<\/p>\n\n\n\n<p>Bacileff Ivanoff cont\u00f3 que ya hab\u00eda decidido dejar los primeros planos pol\u00edtico y cederle la posta a los dirigentes j\u00f3venes de su partido, pero que dar\u00e1 un paso m\u00e1s, incentivado por la implementaci\u00f3n de la boleta \u00fanica de papel.<\/p>\n\n\n\n<p>\u201cEsto equipara las cosas, ya ni se necesitan fiscales. Se les termin\u00f3 el curro a los que nos robaban las boletas\u201d, dispar\u00f3, y calcul\u00f3 que este tipo de maniobra impact\u00f3 en el resultado del Frente Integrador en las urnas.<\/p>\n\n\n\n<p>Para redondear, cont\u00f3 que a instancias del diputado nacional Juan Manuel Pedrini, llam\u00f3 a Capitanich hace 2 semanas, pero que \u00e9ste aleg\u00f3 estar ocupado y prometi\u00f3 devolverle la llamada pero no cumpli\u00f3.<\/p>\n\n\n\n<p>Mientras, avanza la charla con el sector del PRO que, a nivel nacional, lidera Mauricio Macri. \u201cEl PRO es uno, pero estoy hablando con todos los partidos con los que arregl\u00e9 en 2007, cuando llegamos a la gobernaci\u00f3n con Capitanich\u201d, complet\u00f3.<\/p>\n","protected":false},"excerpt":{"rendered":"<p>El exvicegobernador Juan Carlos Bacileff Ivanoff confirm\u00f3 que su Frente Integrador est\u00e1 en carrera para las elecciones de senadores y diputados nacionales de octubre, despu\u00e9s de haberse tomado un turno sab\u00e1tico al no poder acordar su incorporaci\u00f3n a alguno de los frentes en las legislativas provinciales del 11 de mayo. \u201cVamos a participar de las [&hellip;]<\/p>\n","protected":false},"author":1,"featured_media":1706,"comment_status":"open","ping_status":"open","sticky":false,"template":"","format":"standard","meta":{"footnotes":""},"categories":[27],"tags":[243,29,71,246,267,3692],"class_list":["post-11663","post","type-post","status-publish","format-standard","has-post-thumbnail","hentry","category-politica","tag-bacileff-ivanoff","tag-capitanich","tag-diputados","tag-elecciones","tag-frente-integrador","tag-senadores"],"_links":{"self":[{"href":"https:\/\/hdpnoticias.com.ar\/index.php?rest_route=\/wp\/v2\/posts\/11663","targetHints":{"allow":["GET"]}}],"collection":[{"href":"https:\/\/hdpnoticias.com.ar\/index.php?rest_route=\/wp\/v2\/posts"}],"about":[{"href":"https:\/\/hdpnoticias.com.ar\/index.php?rest_route=\/wp\/v2\/types\/post"}],"author":[{"embeddable":true,"href":"https:\/\/hdpnoticias.com.ar\/index.php?rest_route=\/wp\/v2\/users\/1"}],"replies":[{"embeddable":true,"href":"https:\/\/hdpnoticias.com.ar\/index.php?rest_route=%2Fwp%2Fv2%2Fcomments&post=11663"}],"version-history":[{"count":1,"href":"https:\/\/hdpnoticias.com.ar\/index.php?rest_route=\/wp\/v2\/posts\/11663\/revisions"}],"predecessor-version":[{"id":11664,"href":"https:\/\/hdpnoticias.com.ar\/index.php?rest_route=\/wp\/v2\/posts\/11663\/revisions\/11664"}],"wp:featuredmedia":[{"embeddable":true,"href":"https:\/\/hdpnoticias.com.ar\/index.php?rest_route=\/wp\/v2\/media\/1706"}],"wp:attachment":[{"href":"https:\/\/hdpnoticias.com.ar\/index.php?rest_route=%2Fwp%2Fv2%2Fmedia&parent=11663"}],"wp:term":[{"taxonomy":"category","embeddable":true,"href":"https:\/\/hdpnoticias.com.ar\/index.php?rest_route=%2Fwp%2Fv2%2Fcategories&post=11663"},{"taxonomy":"post_tag","embeddable":true,"href":"https:\/\/hdpnoticias.com.ar\/index.php?rest_route=%2Fwp%2Fv2%2Ftags&post=11663"}],"curies":[{"name":"wp","href":"https:\/\/api.w.org\/{rel}","templated":true}]}}