{"id":11655,"date":"2025-07-17T23:29:00","date_gmt":"2025-07-18T02:29:00","guid":{"rendered":"https:\/\/hdpnoticias.com.ar\/?p=11655"},"modified":"2025-07-18T06:48:09","modified_gmt":"2025-07-18T09:48:09","slug":"el-nuevo-juanca-pide-la-unidad-del-pj-aunque-haya-que-tragar-sapos-primero-esta-la-patria","status":"publish","type":"post","link":"https:\/\/hdpnoticias.com.ar\/?p=11655","title":{"rendered":"El nuevo Juanca pide la unidad del PJ aunque haya que tragar sapos: Primero la Patria"},"content":{"rendered":"\n<figure class=\"wp-block-image size-full\"><img loading=\"lazy\" decoding=\"async\" width=\"720\" height=\"90\" src=\"http:\/\/hdpnoticias.com.ar\/wp-content\/uploads\/2024\/05\/Obras-Publicas.gif\" alt=\"\" class=\"wp-image-6818\"\/><\/figure>\n\n\n\n<p>El diputado provincial Juan Carlos Ayala est\u00e1 lanzado a ocupar un lugar expectante en las listas de candidatos a diputados nacionales por el frente que lidera el Partido Justicialista en las elecciones de octubre.<\/p>\n\n\n\n<p>En esa empresa, lanz\u00f3 un llamado a la unidad del peronismo para optimizar la performance electoral de \u201cun frente nacional y popular que busque ponerle freno al presidente Javier Milei y sus pol\u00edticas de ajuste cada vez m\u00e1s crueles\u201d.<\/p>\n\n\n\n<p>Para \u00e9l, hay que buscar la unidad aunque haya que \u201ctragarse algunos sapos\u201d, lo que implica un radical cambio de postura respecto de las elecciones provinciales del 11 de mayo, donde su frente Primero Chaco dio un portazo y dej\u00f3 el PJ para presentar candidatos propios por fuera de Chaco Merece M\u00e1s.<\/p>\n\n\n\n<p>En aquel momento <strong><a href=\"https:\/\/hdpnoticias.com.ar\/?p=10948\">Primero Chaco repudi\u00f3 la decisi\u00f3n del trigobernador Jorge Capitanich de encabezar las listas testimonialmente<\/a><\/strong>, negarse a llamar a internas para cargos electivos y partidarios, y designar candidatos a dedo. Como respuesta, adem\u00e1s de endosarles el <strong><a href=\"https:\/\/hdpnoticias.com.ar\/?p=11052\">corte de boleta<\/a><\/strong> en las elecciones de 2023, <strong><a href=\"https:\/\/hdpnoticias.com.ar\/?p=11186\">Capitanich los acus\u00f3 de buscar la derrota del peronismo para favorecer al Gobierno, o que finalmente ocurri\u00f3<\/a><\/strong>.<\/p>\n\n\n\n<p>Ahora Ayala plantea que la situaci\u00f3n es distinta, y que, m\u00e1s que nunca, el peronismo debe estar unido pensando no s\u00f3lo en el turno electoral, sino trazando la perspectiva hacia las gubernamentales de 2027. \u201cPrimero est\u00e1 la Patria\u201d, resumi\u00f3 el orden de prioridades, y agreg\u00f3 que \u201chay que buscar la renovaci\u00f3n sin tirar a los viejos por la ventana\u201d, en obvia alusi\u00f3n a quienes cuestionan su aspiraci\u00f3n de volver al Congreso de la Naci\u00f3n.<\/p>\n\n\n\n<p><strong>Divisi\u00f3n garantizada<\/strong><\/p>\n\n\n\n<p>Mientras los referentes de Primero Chaco acordaban con Capitanich su vuelta a la &#8220;unidad del peronismo&#8221;, la intendente de Laguna Blanca: <strong><a href=\"https:\/\/hdpnoticias.com.ar\/?p=11646\">Claudia Panzardi, anunciaba su decisi\u00f3n de constituir un frente alternativo y presentar listas de diputados y senadores<\/a><\/strong> por fuera del PJ en las elecciones de octubre, ante &#8220;la imposibilidad de designar candidatos de manera democr\u00e1tica&#8221;.<\/p>\n\n\n\n<p><\/p>\n","protected":false},"excerpt":{"rendered":"<p>El diputado provincial Juan Carlos Ayala est\u00e1 lanzado a ocupar un lugar expectante en las listas de candidatos a diputados nacionales por el frente que lidera el Partido Justicialista en las elecciones de octubre. En esa empresa, lanz\u00f3 un llamado a la unidad del peronismo para optimizar la performance electoral de \u201cun frente nacional y [&hellip;]<\/p>\n","protected":false},"author":1,"featured_media":8192,"comment_status":"open","ping_status":"open","sticky":false,"template":"","format":"standard","meta":{"footnotes":""},"categories":[27],"tags":[392,29,4686,393,655,2037,1337,248,4714,5084],"class_list":["post-11655","post","type-post","status-publish","format-standard","has-post-thumbnail","hentry","category-politica","tag-ayala","tag-capitanich","tag-chaco-merece-mas","tag-juanca","tag-panzardi","tag-patria","tag-peronismo","tag-pj","tag-primero-chaco","tag-sapos"],"_links":{"self":[{"href":"https:\/\/hdpnoticias.com.ar\/index.php?rest_route=\/wp\/v2\/posts\/11655","targetHints":{"allow":["GET"]}}],"collection":[{"href":"https:\/\/hdpnoticias.com.ar\/index.php?rest_route=\/wp\/v2\/posts"}],"about":[{"href":"https:\/\/hdpnoticias.com.ar\/index.php?rest_route=\/wp\/v2\/types\/post"}],"author":[{"embeddable":true,"href":"https:\/\/hdpnoticias.com.ar\/index.php?rest_route=\/wp\/v2\/users\/1"}],"replies":[{"embeddable":true,"href":"https:\/\/hdpnoticias.com.ar\/index.php?rest_route=%2Fwp%2Fv2%2Fcomments&post=11655"}],"version-history":[{"count":3,"href":"https:\/\/hdpnoticias.com.ar\/index.php?rest_route=\/wp\/v2\/posts\/11655\/revisions"}],"predecessor-version":[{"id":11659,"href":"https:\/\/hdpnoticias.com.ar\/index.php?rest_route=\/wp\/v2\/posts\/11655\/revisions\/11659"}],"wp:featuredmedia":[{"embeddable":true,"href":"https:\/\/hdpnoticias.com.ar\/index.php?rest_route=\/wp\/v2\/media\/8192"}],"wp:attachment":[{"href":"https:\/\/hdpnoticias.com.ar\/index.php?rest_route=%2Fwp%2Fv2%2Fmedia&parent=11655"}],"wp:term":[{"taxonomy":"category","embeddable":true,"href":"https:\/\/hdpnoticias.com.ar\/index.php?rest_route=%2Fwp%2Fv2%2Fcategories&post=11655"},{"taxonomy":"post_tag","embeddable":true,"href":"https:\/\/hdpnoticias.com.ar\/index.php?rest_route=%2Fwp%2Fv2%2Ftags&post=11655"}],"curies":[{"name":"wp","href":"https:\/\/api.w.org\/{rel}","templated":true}]}}