{"id":11649,"date":"2025-07-16T23:16:00","date_gmt":"2025-07-17T02:16:00","guid":{"rendered":"https:\/\/hdpnoticias.com.ar\/?p=11649"},"modified":"2025-07-17T08:36:23","modified_gmt":"2025-07-17T11:36:23","slug":"martinez-capitanich-es-el-mejor-politico-del-pais-y-el-unico-capaz-de-frenar-a-milei","status":"publish","type":"post","link":"https:\/\/hdpnoticias.com.ar\/?p=11649","title":{"rendered":"Mart\u00ednez: Capitanich es el mejor pol\u00edtico del pa\u00eds y el \u00fanico capaz de frenar a Milei"},"content":{"rendered":"\n<figure class=\"wp-block-image size-full\"><img loading=\"lazy\" decoding=\"async\" width=\"720\" height=\"90\" src=\"http:\/\/hdpnoticias.com.ar\/wp-content\/uploads\/2024\/05\/Obras-Publicas.gif\" alt=\"\" class=\"wp-image-6818\"\/><\/figure>\n\n\n\n<p>El intendente de Margarita Bel\u00e9n: Javier Mart\u00ednez, no escatim\u00f3 elogios al referirse al trigobernador Jorge Capitanich, presidente del Partido Justicialista del Chaco: \u201cEs el pol\u00edtico m\u00e1s capacitado del pa\u00eds y, obviamente, del Chaco\u201d, dijo al argumentar su deseo de que \u00e9ste encabece la lista de candidatos a senadores nacionales en las elecciones de octubre.<\/p>\n\n\n\n<p>Para \u00e9l, si la oposici\u00f3n pretende ponerle freno al Presidente de la Naci\u00f3n: Javier Milei, en el Congreso, es indispensable que Capitanich ocupe una banca en el Senado, al considerarlo el \u00fanico capaz de plantear una alternativa para revertir las pol\u00edticas del Gobierno nacional que entiende que van en desmedro del pueblo argentino, principalmente de los sectores m\u00e1s vulnerables.<\/p>\n\n\n\n<p>Chaco debe renovar los 3 senadores, 4 de sus 7 diputados nacionales. Frente a este panorama, el intendente admiti\u00f3 que ning\u00fan dirigente peronista est\u00e1 en condiciones de ocupar el lugar de Capitanich en las listas.<\/p>\n\n\n\n<p>\u201cEs el mejor candidato que tenemos para llevar al Congreso\u201d, dijo, un argumento id\u00e9ntico al utilizado en las elecciones de mayo, en las que Capitanich encabez\u00f3 las listas de candidatos a diputados provinciales.<\/p>\n\n\n\n<p>\u201cEs el pol\u00edtico con mayor respaldo popular y en las \u00faltimas elecciones lo demostr\u00f3 contundentemente\u201d, asever\u00f3, considerando altamente positivo el escrutinio a pesar de <strong><a href=\"https:\/\/hdpnoticias.com.ar\/?p=11186\">la derrota del frente Chaco Merece M\u00e1s<\/a><\/strong> encabezado por el PJ.<\/p>\n\n\n\n<p>Finalmente, reiter\u00f3 su total respaldo a la candidatura a senador del exgobernador, dando por descontado que \u00e9ste no asumir\u00e1 la banca que obtuvo hace apenas 2 meses, algo que <strong><a href=\"https:\/\/hdpnoticias.com.ar\/?p=11111\">ya era un secreto a voces desde el mismo momento en que se conocieron las listas<\/a><\/strong>, aunque <strong><a href=\"https:\/\/hdpnoticias.com.ar\/?p=10906\">\u00e9l se negaba a hablar del tema<\/a><\/strong>, por lo que no sorprendi\u00f3 su ausencia en el acto de entrega de diplomas.<\/p>\n\n\n\n<p>Pero aclar\u00f3 que esa es la perspectiva que tiene de las elecciones de este a\u00f1o, y que \u201cen 2027, cuando se elija gobernador, habr\u00e1 que evaluar la situaci\u00f3n\u201d, entendiendo que \u00ednterin podr\u00eda surgir un nombre que lo supere en las preferencias de ese sector del electorado y hasta dejando entrever sus aspiraciones, como ya lo hicieron las intendentes de Barranqueras: Magda Ayala, y de Laguna Blanca: Claudia Panzardi.<\/p>\n","protected":false},"excerpt":{"rendered":"<p>El intendente de Margarita Bel\u00e9n: Javier Mart\u00ednez, no escatim\u00f3 elogios al referirse al trigobernador Jorge Capitanich, presidente del Partido Justicialista del Chaco: \u201cEs el pol\u00edtico m\u00e1s capacitado del pa\u00eds y, obviamente, del Chaco\u201d, dijo al argumentar su deseo de que \u00e9ste encabece la lista de candidatos a senadores nacionales en las elecciones de octubre. Para [&hellip;]<\/p>\n","protected":false},"author":1,"featured_media":11650,"comment_status":"open","ping_status":"open","sticky":false,"template":"","format":"standard","meta":{"footnotes":""},"categories":[27],"tags":[29,37,251,1881,538,642,1319,655,1399,4751],"class_list":["post-11649","post","type-post","status-publish","format-standard","has-post-thumbnail","hentry","category-politica","tag-capitanich","tag-chaco","tag-congreso","tag-magda","tag-margarita-belen","tag-martinez","tag-milei","tag-panzardi","tag-senador","tag-testimonial"],"_links":{"self":[{"href":"https:\/\/hdpnoticias.com.ar\/index.php?rest_route=\/wp\/v2\/posts\/11649","targetHints":{"allow":["GET"]}}],"collection":[{"href":"https:\/\/hdpnoticias.com.ar\/index.php?rest_route=\/wp\/v2\/posts"}],"about":[{"href":"https:\/\/hdpnoticias.com.ar\/index.php?rest_route=\/wp\/v2\/types\/post"}],"author":[{"embeddable":true,"href":"https:\/\/hdpnoticias.com.ar\/index.php?rest_route=\/wp\/v2\/users\/1"}],"replies":[{"embeddable":true,"href":"https:\/\/hdpnoticias.com.ar\/index.php?rest_route=%2Fwp%2Fv2%2Fcomments&post=11649"}],"version-history":[{"count":1,"href":"https:\/\/hdpnoticias.com.ar\/index.php?rest_route=\/wp\/v2\/posts\/11649\/revisions"}],"predecessor-version":[{"id":11651,"href":"https:\/\/hdpnoticias.com.ar\/index.php?rest_route=\/wp\/v2\/posts\/11649\/revisions\/11651"}],"wp:featuredmedia":[{"embeddable":true,"href":"https:\/\/hdpnoticias.com.ar\/index.php?rest_route=\/wp\/v2\/media\/11650"}],"wp:attachment":[{"href":"https:\/\/hdpnoticias.com.ar\/index.php?rest_route=%2Fwp%2Fv2%2Fmedia&parent=11649"}],"wp:term":[{"taxonomy":"category","embeddable":true,"href":"https:\/\/hdpnoticias.com.ar\/index.php?rest_route=%2Fwp%2Fv2%2Fcategories&post=11649"},{"taxonomy":"post_tag","embeddable":true,"href":"https:\/\/hdpnoticias.com.ar\/index.php?rest_route=%2Fwp%2Fv2%2Ftags&post=11649"}],"curies":[{"name":"wp","href":"https:\/\/api.w.org\/{rel}","templated":true}]}}