{"id":11646,"date":"2025-07-16T21:25:25","date_gmt":"2025-07-17T00:25:25","guid":{"rendered":"https:\/\/hdpnoticias.com.ar\/?p=11646"},"modified":"2025-07-16T21:25:29","modified_gmt":"2025-07-17T00:25:29","slug":"el-pj-otra-vez-dividido-el-claudismo-ira-por-afuera-en-octubre-y-ya-piensa-en-2027","status":"publish","type":"post","link":"https:\/\/hdpnoticias.com.ar\/?p=11646","title":{"rendered":"El PJ otra vez dividido: el claudismo ir\u00e1 por afuera en octubre y ya piensa en 2027"},"content":{"rendered":"\n<figure class=\"wp-block-image size-full\"><img loading=\"lazy\" decoding=\"async\" width=\"728\" height=\"90\" src=\"http:\/\/hdpnoticias.com.ar\/wp-content\/uploads\/2024\/05\/Nachec.gif\" alt=\"\" class=\"wp-image-6814\"\/><\/figure>\n\n\n\n<p>Tras la derrota en las elecciones legislativas provinciales del 11 de mayo, el Partido Justicialista que preside Jorge Capitanich, se lanz\u00f3 de lleno a recomponer la relaci\u00f3n con el frente Primero Chaco, que present\u00f3 sus propios candidatos encabezados por el diputado Atlanto Honcheruk y la intendente de Barranqueras: Magda Ayala, y consigui\u00f3 2 bancas.<\/p>\n\n\n\n<p>El objetivo parec\u00eda cumplido, pero mientras celebraba la unidad con Primero Chaco, surg\u00eda <strong><a href=\"https:\/\/hdpnoticias.com.ar\/?p=11474\">otro frente interno, encabezado por la intendente de Laguna Blanca: Claudia Panzardi<\/a><\/strong>, dispuesta a presentar una propuesta propia en las elecciones de senadores y diputados nacionales de octubre.<\/p>\n\n\n\n<p>\u201cEs un frente alternativo, estoy muy entusiasmada\u201d, dijo, al contar que encar\u00f3 la empresa con el exsenador, exdiputado provincial y exministro de Econom\u00eda de Capitanich: Eduardo Aguilar, titular del partido Frente por la Educaci\u00f3n y el Trabajo, pero que la agenda de conversaciones incluye a dirigentes de toda la provincia.<\/p>\n\n\n\n<p>Al fundamentar el portazo al coquismo, se\u00f1al\u00f3 \u201cla imposibilidad de elegir de manera democr\u00e1tica a los candidatos para las pr\u00f3ximas elecciones\u201d, en alusi\u00f3n a la decisi\u00f3n de Capitanich no llamar a internas para cargos electivos y posponer hasta fin de a\u00f1o las elecciones para renovar autoridades partidarias. Parad\u00f3jicamente, ella hab\u00eda avalado esta determinaci\u00f3n que iba en contra del reclamo que desde fines de 2024 levantaba Primero Chaco.<\/p>\n\n\n\n<p>Aunque est\u00e1 en ciernes, asegur\u00f3 que la decisi\u00f3n de constituir un frente no es una estrategia para forzar una negociaci\u00f3n con Capitanich, sino que est\u00e1n decididos a ir a elecciones con boleta propia.<\/p>\n\n\n\n<p>\u201cEsto es todo lo contrario a lo que vimos en las elecciones pasadas, donde un sector buscaba poder sentarse a negociar cargos en detrimento de muchos compa\u00f1eros y compa\u00f1eras que fueron leales al movimiento\u201d, dijo, aunque t\u00e1citamente, a los principales referentes de Primero Chaco.<\/p>\n\n\n\n<p>Aunque todo indica que ella encabezar\u00eda la lista de candidatos a diputados nacionales y Aguilar la de senadores, asever\u00f3 que \u201ca\u00fan no se habla de candidaturas\u201d, y agreg\u00f3 que las elecciones de octubre son el primero paso de una construcci\u00f3n que tiene la mirada puesta en las gubernamentales de 2027.<\/p>\n","protected":false},"excerpt":{"rendered":"<p>Tras la derrota en las elecciones legislativas provinciales del 11 de mayo, el Partido Justicialista que preside Jorge Capitanich, se lanz\u00f3 de lleno a recomponer la relaci\u00f3n con el frente Primero Chaco, que present\u00f3 sus propios candidatos encabezados por el diputado Atlanto Honcheruk y la intendente de Barranqueras: Magda Ayala, y consigui\u00f3 2 bancas. El [&hellip;]<\/p>\n","protected":false},"author":1,"featured_media":11647,"comment_status":"open","ping_status":"open","sticky":false,"template":"","format":"standard","meta":{"footnotes":""},"categories":[27],"tags":[1397,29,37,5082,2713,71,1523,1881,655,248,4907,3692],"class_list":["post-11646","post","type-post","status-publish","format-standard","has-post-thumbnail","hentry","category-politica","tag-aguilar","tag-capitanich","tag-chaco","tag-claudismo","tag-coquismo","tag-diputados","tag-honcheruk","tag-magda","tag-panzardi","tag-pj","tag-primerochaco","tag-senadores"],"_links":{"self":[{"href":"https:\/\/hdpnoticias.com.ar\/index.php?rest_route=\/wp\/v2\/posts\/11646","targetHints":{"allow":["GET"]}}],"collection":[{"href":"https:\/\/hdpnoticias.com.ar\/index.php?rest_route=\/wp\/v2\/posts"}],"about":[{"href":"https:\/\/hdpnoticias.com.ar\/index.php?rest_route=\/wp\/v2\/types\/post"}],"author":[{"embeddable":true,"href":"https:\/\/hdpnoticias.com.ar\/index.php?rest_route=\/wp\/v2\/users\/1"}],"replies":[{"embeddable":true,"href":"https:\/\/hdpnoticias.com.ar\/index.php?rest_route=%2Fwp%2Fv2%2Fcomments&post=11646"}],"version-history":[{"count":1,"href":"https:\/\/hdpnoticias.com.ar\/index.php?rest_route=\/wp\/v2\/posts\/11646\/revisions"}],"predecessor-version":[{"id":11648,"href":"https:\/\/hdpnoticias.com.ar\/index.php?rest_route=\/wp\/v2\/posts\/11646\/revisions\/11648"}],"wp:featuredmedia":[{"embeddable":true,"href":"https:\/\/hdpnoticias.com.ar\/index.php?rest_route=\/wp\/v2\/media\/11647"}],"wp:attachment":[{"href":"https:\/\/hdpnoticias.com.ar\/index.php?rest_route=%2Fwp%2Fv2%2Fmedia&parent=11646"}],"wp:term":[{"taxonomy":"category","embeddable":true,"href":"https:\/\/hdpnoticias.com.ar\/index.php?rest_route=%2Fwp%2Fv2%2Fcategories&post=11646"},{"taxonomy":"post_tag","embeddable":true,"href":"https:\/\/hdpnoticias.com.ar\/index.php?rest_route=%2Fwp%2Fv2%2Ftags&post=11646"}],"curies":[{"name":"wp","href":"https:\/\/api.w.org\/{rel}","templated":true}]}}