{"id":11620,"date":"2025-07-11T22:00:00","date_gmt":"2025-07-12T01:00:00","guid":{"rendered":"https:\/\/hdpnoticias.com.ar\/?p=11620"},"modified":"2025-07-11T22:00:04","modified_gmt":"2025-07-12T01:00:04","slug":"calido-y-soleado-el-veranillo-se-extendera-varios-dias-mas","status":"publish","type":"post","link":"https:\/\/hdpnoticias.com.ar\/?p=11620","title":{"rendered":"C\u00e1lido y soleado: el veranillo se extender\u00e1 varios d\u00edas m\u00e1s"},"content":{"rendered":"\n<figure class=\"wp-block-image size-full\"><img loading=\"lazy\" decoding=\"async\" width=\"728\" height=\"90\" src=\"http:\/\/hdpnoticias.com.ar\/wp-content\/uploads\/2024\/05\/Nachec.gif\" alt=\"\" class=\"wp-image-6814\"\/><\/figure>\n\n\n\n<p>Las temperaturas primaverales de la \u00faltima semana prevalecer\u00e1n, seg\u00fan vaticina ell Servicio Meteorol\u00f3gico Nacional, por lo menos hasta el pr\u00f3ximo mi\u00e9rcoles, con m\u00ednimas por en torno a los 14\u00b0C y m\u00e1ximas superiores a los 20.<\/p>\n\n\n\n<p>Este tramo c\u00e1lido en pleno invierno se inscribe como el tradicional \u201cveranillo de San Juan\u201d, por su coincidencia con esa celebraci\u00f3n religiosa, aunque este a\u00f1o lleg\u00f3 varios d\u00edas de atraso.<\/p>\n\n\n\n<p>Los pr\u00f3ximos d\u00edas ser\u00e1n soleados, y reci\u00e9n se prev\u00e9n algunas chances de precipitaciones la noche del mi\u00e9rcoles y la madrugada del jueves, en coincidencia con un leve descenso de temperatura que se ubicar\u00eda en el rango entre 10 y 18\u00b0C.<\/p>\n\n\n\n<p>El panorama se presenta muy similar en toda la provincia.<\/p>\n","protected":false},"excerpt":{"rendered":"<p>Las temperaturas primaverales de la \u00faltima semana prevalecer\u00e1n, seg\u00fan vaticina ell Servicio Meteorol\u00f3gico Nacional, por lo menos hasta el pr\u00f3ximo mi\u00e9rcoles, con m\u00ednimas por en torno a los 14\u00b0C y m\u00e1ximas superiores a los 20. Este tramo c\u00e1lido en pleno invierno se inscribe como el tradicional \u201cveranillo de San Juan\u201d, por su coincidencia con esa [&hellip;]<\/p>\n","protected":false},"author":1,"featured_media":10813,"comment_status":"open","ping_status":"open","sticky":false,"template":"","format":"standard","meta":{"footnotes":""},"categories":[6],"tags":[37,2534,5075,5073,1513,2697,5074],"class_list":["post-11620","post","type-post","status-publish","format-standard","has-post-thumbnail","hentry","category-info-general","tag-chaco","tag-invierno","tag-preciputaciones","tag-primaveral","tag-san-juan","tag-servicio-meteorologico","tag-veranillo"],"_links":{"self":[{"href":"https:\/\/hdpnoticias.com.ar\/index.php?rest_route=\/wp\/v2\/posts\/11620","targetHints":{"allow":["GET"]}}],"collection":[{"href":"https:\/\/hdpnoticias.com.ar\/index.php?rest_route=\/wp\/v2\/posts"}],"about":[{"href":"https:\/\/hdpnoticias.com.ar\/index.php?rest_route=\/wp\/v2\/types\/post"}],"author":[{"embeddable":true,"href":"https:\/\/hdpnoticias.com.ar\/index.php?rest_route=\/wp\/v2\/users\/1"}],"replies":[{"embeddable":true,"href":"https:\/\/hdpnoticias.com.ar\/index.php?rest_route=%2Fwp%2Fv2%2Fcomments&post=11620"}],"version-history":[{"count":1,"href":"https:\/\/hdpnoticias.com.ar\/index.php?rest_route=\/wp\/v2\/posts\/11620\/revisions"}],"predecessor-version":[{"id":11621,"href":"https:\/\/hdpnoticias.com.ar\/index.php?rest_route=\/wp\/v2\/posts\/11620\/revisions\/11621"}],"wp:featuredmedia":[{"embeddable":true,"href":"https:\/\/hdpnoticias.com.ar\/index.php?rest_route=\/wp\/v2\/media\/10813"}],"wp:attachment":[{"href":"https:\/\/hdpnoticias.com.ar\/index.php?rest_route=%2Fwp%2Fv2%2Fmedia&parent=11620"}],"wp:term":[{"taxonomy":"category","embeddable":true,"href":"https:\/\/hdpnoticias.com.ar\/index.php?rest_route=%2Fwp%2Fv2%2Fcategories&post=11620"},{"taxonomy":"post_tag","embeddable":true,"href":"https:\/\/hdpnoticias.com.ar\/index.php?rest_route=%2Fwp%2Fv2%2Ftags&post=11620"}],"curies":[{"name":"wp","href":"https:\/\/api.w.org\/{rel}","templated":true}]}}