{"id":11610,"date":"2025-07-09T18:21:00","date_gmt":"2025-07-09T21:21:00","guid":{"rendered":"https:\/\/hdpnoticias.com.ar\/?p=11610"},"modified":"2025-07-10T06:26:12","modified_gmt":"2025-07-10T09:26:12","slug":"milei-cargo-contra-los-gobernadores-tras-el-fracaso-del-acto-en-tucuman","status":"publish","type":"post","link":"https:\/\/hdpnoticias.com.ar\/?p=11610","title":{"rendered":"Milei carg\u00f3 contra los gobernadores tras el fracaso del acto en Tucum\u00e1n"},"content":{"rendered":"\n<figure class=\"wp-block-image size-full\"><img loading=\"lazy\" decoding=\"async\" width=\"720\" height=\"90\" src=\"http:\/\/hdpnoticias.com.ar\/wp-content\/uploads\/2024\/05\/Copy-of-720x90-1.gif\" alt=\"\" class=\"wp-image-6806\"\/><\/figure>\n\n\n\n<p>El Presidente de la Naci\u00f3n planeaba encabezar otra vigilia del D\u00eda de la Independencia en la casa hist\u00f3rica de Tucum\u00e1n, para conmemorar el aniversario del Pacto de Mayo, firmado con la mayor\u00eda de los gobernadores, pero un faltazo generalizado de estos oblig\u00f3 a la Casa Rosada a dar un giro a \u00faltimo momento.<\/p>\n\n\n\n<p>Oficialmente, se inform\u00f3 que el avi\u00f3n presidencial no pudo despegar por las condiciones meteorol\u00f3gicas adversas, dominadas por una densa niebla, siguiendo recomendaciones de la Fuerza A\u00e9rea y la Casa Militar. Sin embargo, el atardecer del martes un vuelo de Aerol\u00edneas Argentinas desde Aeroparque con destino a Tucum\u00e1n, aunque con algunos minutos de demora, parti\u00f3 sin inconvenientes.<\/p>\n\n\n\n<p>\u201cQue piensen lo que quieran, no me importa\u201d, dijo Milei sobre la suspicacia con la que fue analizada por funcionarios y periodistas la raz\u00f3n de la suspensi\u00f3n de su viaje.<\/p>\n\n\n\n<p>Adem\u00e1s de la cuesti\u00f3n protocolar, \u00e9l pretend\u00eda renovar la imagen del respaldo pol\u00edtico de los gobernadores ante la inminencia del vencimiento de las facultades delegadas, como un aval para renovarlas, pero la foto qued\u00f3 pendiente.<\/p>\n\n\n\n<p>El Presidente no pudo disimular su fastidio con los mandatarios provinciales y los acus\u00f3 de intentar \u201cdestruir\u201d su gobierno y de no imitar el \u201csacrificio\u201d que hace la Naci\u00f3n para recortar el gasto en procura del equilibrio fiscal: \u201cNosotros bajamos impuestos para devolverle la plata a la gente y las provincias aprovechan para subirlos\u201d, dispar\u00f3.<\/p>\n\n\n\n<p>Seg\u00fan sus c\u00e1lculos, las provincias reciben cada vez m\u00e1s fondos, peor en vez de aprovecharlos para recomponer sus cuentas fiscales, \u201cgastan m\u00e1s y m\u00e1s\u201d.<\/p>\n\n\n\n<p>Los gobernadores no coinciden con esta mirada, por lo que recientemente se reunieron para reiterar sus demandas al Gobierno nacional e impulsan en el Congreso proyectos para incrementar los fondos coparticipables, lo que Milei interpreta como un ataque a su gesti\u00f3n.<\/p>\n","protected":false},"excerpt":{"rendered":"<p>El Presidente de la Naci\u00f3n planeaba encabezar otra vigilia del D\u00eda de la Independencia en la casa hist\u00f3rica de Tucum\u00e1n, para conmemorar el aniversario del Pacto de Mayo, firmado con la mayor\u00eda de los gobernadores, pero un faltazo generalizado de estos oblig\u00f3 a la Casa Rosada a dar un giro a \u00faltimo momento. Oficialmente, se [&hellip;]<\/p>\n","protected":false},"author":1,"featured_media":7740,"comment_status":"open","ping_status":"open","sticky":false,"template":"","format":"standard","meta":{"footnotes":""},"categories":[27],"tags":[1281,2255,1763,1319,3799,170,5064],"class_list":["post-11610","post","type-post","status-publish","format-standard","has-post-thumbnail","hentry","category-politica","tag-faltazo","tag-fracaso","tag-gobernadores","tag-milei","tag-pacto-de-mayo","tag-tucuman","tag-vigilia"],"_links":{"self":[{"href":"https:\/\/hdpnoticias.com.ar\/index.php?rest_route=\/wp\/v2\/posts\/11610","targetHints":{"allow":["GET"]}}],"collection":[{"href":"https:\/\/hdpnoticias.com.ar\/index.php?rest_route=\/wp\/v2\/posts"}],"about":[{"href":"https:\/\/hdpnoticias.com.ar\/index.php?rest_route=\/wp\/v2\/types\/post"}],"author":[{"embeddable":true,"href":"https:\/\/hdpnoticias.com.ar\/index.php?rest_route=\/wp\/v2\/users\/1"}],"replies":[{"embeddable":true,"href":"https:\/\/hdpnoticias.com.ar\/index.php?rest_route=%2Fwp%2Fv2%2Fcomments&post=11610"}],"version-history":[{"count":1,"href":"https:\/\/hdpnoticias.com.ar\/index.php?rest_route=\/wp\/v2\/posts\/11610\/revisions"}],"predecessor-version":[{"id":11611,"href":"https:\/\/hdpnoticias.com.ar\/index.php?rest_route=\/wp\/v2\/posts\/11610\/revisions\/11611"}],"wp:featuredmedia":[{"embeddable":true,"href":"https:\/\/hdpnoticias.com.ar\/index.php?rest_route=\/wp\/v2\/media\/7740"}],"wp:attachment":[{"href":"https:\/\/hdpnoticias.com.ar\/index.php?rest_route=%2Fwp%2Fv2%2Fmedia&parent=11610"}],"wp:term":[{"taxonomy":"category","embeddable":true,"href":"https:\/\/hdpnoticias.com.ar\/index.php?rest_route=%2Fwp%2Fv2%2Fcategories&post=11610"},{"taxonomy":"post_tag","embeddable":true,"href":"https:\/\/hdpnoticias.com.ar\/index.php?rest_route=%2Fwp%2Fv2%2Ftags&post=11610"}],"curies":[{"name":"wp","href":"https:\/\/api.w.org\/{rel}","templated":true}]}}