{"id":11607,"date":"2025-07-09T21:20:55","date_gmt":"2025-07-10T00:20:55","guid":{"rendered":"https:\/\/hdpnoticias.com.ar\/?p=11607"},"modified":"2025-07-09T21:21:02","modified_gmt":"2025-07-10T00:21:02","slug":"tragedia-en-saenz-pena-esposa-de-dirigente-rural-murio-arrollada-por-un-arado","status":"publish","type":"post","link":"https:\/\/hdpnoticias.com.ar\/?p=11607","title":{"rendered":"Tragedia en S\u00e1enz Pe\u00f1a: esposa de dirigente rural muri\u00f3 arrollada por un arado"},"content":{"rendered":"\n<figure class=\"wp-block-image size-full\"><img loading=\"lazy\" decoding=\"async\" width=\"728\" height=\"90\" src=\"http:\/\/hdpnoticias.com.ar\/wp-content\/uploads\/2024\/05\/Nachec.gif\" alt=\"\" class=\"wp-image-6814\"\/><\/figure>\n\n\n\n<p>Vanina V\u00e1zquez, esposa del productor agropecuario y dirigente rural Javier Druzianich, referente de Federaci\u00f3n Agraria, muri\u00f3 la siesta de este mi\u00e9rcoles 9 de julio en un accidente en el paraje rural Bajo Hondo Chico, al sur de Presidencia Roque S\u00e1enz Pe\u00f1a.<\/p>\n\n\n\n<p>La mujer, de 42 a\u00f1os, acompa\u00f1aba a su esposo, de 44, en un tractor con el que araban un campo, y en un momento \u00e9ste realiz\u00f3 una maniobra para evitar un pozo, la maquinaria se desestabiliz\u00f3, ella perdi\u00f3 el equilibrio y cay\u00f3. En el suelo, fue arrollada por el arado y muri\u00f3 en el acto.<\/p>\n\n\n\n<p>En el lugar estaba tambi\u00e9n el hijo de ambos, de 21 a\u00f1os, que fue testigo de lo ocurrido.<\/p>\n","protected":false},"excerpt":{"rendered":"<p>Vanina V\u00e1zquez, esposa del productor agropecuario y dirigente rural Javier Druzianich, referente de Federaci\u00f3n Agraria, muri\u00f3 la siesta de este mi\u00e9rcoles 9 de julio en un accidente en el paraje rural Bajo Hondo Chico, al sur de Presidencia Roque S\u00e1enz Pe\u00f1a. La mujer, de 42 a\u00f1os, acompa\u00f1aba a su esposo, de 44, en un tractor [&hellip;]<\/p>\n","protected":false},"author":1,"featured_media":11608,"comment_status":"open","ping_status":"open","sticky":false,"template":"","format":"standard","meta":{"footnotes":""},"categories":[26],"tags":[5031,4435,37,5063,95,2812,100],"class_list":["post-11607","post","type-post","status-publish","format-standard","has-post-thumbnail","hentry","category-policiales","tag-arado","tag-bajo-hondo","tag-chaco","tag-federacion-agraria","tag-saenz-pena","tag-tractor","tag-tragedia"],"_links":{"self":[{"href":"https:\/\/hdpnoticias.com.ar\/index.php?rest_route=\/wp\/v2\/posts\/11607","targetHints":{"allow":["GET"]}}],"collection":[{"href":"https:\/\/hdpnoticias.com.ar\/index.php?rest_route=\/wp\/v2\/posts"}],"about":[{"href":"https:\/\/hdpnoticias.com.ar\/index.php?rest_route=\/wp\/v2\/types\/post"}],"author":[{"embeddable":true,"href":"https:\/\/hdpnoticias.com.ar\/index.php?rest_route=\/wp\/v2\/users\/1"}],"replies":[{"embeddable":true,"href":"https:\/\/hdpnoticias.com.ar\/index.php?rest_route=%2Fwp%2Fv2%2Fcomments&post=11607"}],"version-history":[{"count":1,"href":"https:\/\/hdpnoticias.com.ar\/index.php?rest_route=\/wp\/v2\/posts\/11607\/revisions"}],"predecessor-version":[{"id":11609,"href":"https:\/\/hdpnoticias.com.ar\/index.php?rest_route=\/wp\/v2\/posts\/11607\/revisions\/11609"}],"wp:featuredmedia":[{"embeddable":true,"href":"https:\/\/hdpnoticias.com.ar\/index.php?rest_route=\/wp\/v2\/media\/11608"}],"wp:attachment":[{"href":"https:\/\/hdpnoticias.com.ar\/index.php?rest_route=%2Fwp%2Fv2%2Fmedia&parent=11607"}],"wp:term":[{"taxonomy":"category","embeddable":true,"href":"https:\/\/hdpnoticias.com.ar\/index.php?rest_route=%2Fwp%2Fv2%2Fcategories&post=11607"},{"taxonomy":"post_tag","embeddable":true,"href":"https:\/\/hdpnoticias.com.ar\/index.php?rest_route=%2Fwp%2Fv2%2Ftags&post=11607"}],"curies":[{"name":"wp","href":"https:\/\/api.w.org\/{rel}","templated":true}]}}