{"id":11557,"date":"2025-07-03T23:18:00","date_gmt":"2025-07-04T02:18:00","guid":{"rendered":"https:\/\/hdpnoticias.com.ar\/?p=11557"},"modified":"2025-07-04T08:47:40","modified_gmt":"2025-07-04T11:47:40","slug":"un-colombiano-y-un-peruano-aterrizaron-de-emergencia-en-basail","status":"publish","type":"post","link":"https:\/\/hdpnoticias.com.ar\/?p=11557","title":{"rendered":"Un colombiano y un peruano aterrizaron de emergencia en Basail"},"content":{"rendered":"\n<figure class=\"wp-block-image size-full\"><img loading=\"lazy\" decoding=\"async\" width=\"728\" height=\"90\" src=\"http:\/\/hdpnoticias.com.ar\/wp-content\/uploads\/2024\/05\/Nachec.gif\" alt=\"\" class=\"wp-image-6814\"\/><\/figure>\n\n\n\n<p>El atardecer de este jueves un avi\u00f3n ligero se precipit\u00f3 sobre un campo del paraje Monte Alto, en Basail, al sur de Resistencia, pr\u00f3ximo al l\u00edmite con Santa Fe, con 2 tripulantes.<\/p>\n\n\n\n<p>El piloto: Oscar Garamillo, colombiano, de 28 a\u00f1os, se vio obligado a intentar un aterrizaje de emergencia sobre un sembrad\u00edo. Aunque en el contacto con la tierra la aeronave sufri\u00f3 la rotura del tren de aterrizaje, tanto \u00e9l como su copiloto: Cristopher Vilad\u00f3n, peruano, de 26 a\u00f1os,<\/p>\n\n\n\n<p>El avi\u00f3n, un Tecnam P2002, matr\u00edcula LV-S112, est\u00e1 radicado en la ciudad bonaerense Mor\u00f3n, donde tambi\u00e9n residen piloto y copiloto.<\/p>\n\n\n\n<p>A\u00fan se desconocen las razones del siniestro, pero todo indica que el aparato entr\u00f3 en emergencia por falta de combustible, producto de un error del c\u00e1lculo, ya que \u00e9ste fue el vuelo m\u00e1s largo registrado en los \u00faltimos meses.<\/p>\n\n\n\n<p>El mismo avi\u00f3n vuela a menudo dentro del territorio bonaerense y la hoja de ruta de este a\u00f1o incluye viajes hasta Rosario.<\/p>\n\n\n\n<p>Varias comisiones de la Polic\u00eda del Chaco llegaron al lugar, que fue inspeccionado por efectivos y canes. Ahora investigan las razones del vuelo.<\/p>\n","protected":false},"excerpt":{"rendered":"<p>El atardecer de este jueves un avi\u00f3n ligero se precipit\u00f3 sobre un campo del paraje Monte Alto, en Basail, al sur de Resistencia, pr\u00f3ximo al l\u00edmite con Santa Fe, con 2 tripulantes. El piloto: Oscar Garamillo, colombiano, de 28 a\u00f1os, se vio obligado a intentar un aterrizaje de emergencia sobre un sembrad\u00edo. Aunque en el [&hellip;]<\/p>\n","protected":false},"author":1,"featured_media":11558,"comment_status":"open","ping_status":"open","sticky":false,"template":"","format":"standard","meta":{"footnotes":""},"categories":[6,26],"tags":[101,691,187,3983,2077,5045,3309,5046,49,716],"class_list":["post-11557","post","type-post","status-publish","format-standard","has-post-thumbnail","hentry","category-info-general","category-policiales","tag-avion","tag-basail","tag-buenos-aires","tag-colombiano","tag-emergencia","tag-ligero","tag-moron","tag-peruano","tag-resistencia","tag-santa-fe"],"_links":{"self":[{"href":"https:\/\/hdpnoticias.com.ar\/index.php?rest_route=\/wp\/v2\/posts\/11557","targetHints":{"allow":["GET"]}}],"collection":[{"href":"https:\/\/hdpnoticias.com.ar\/index.php?rest_route=\/wp\/v2\/posts"}],"about":[{"href":"https:\/\/hdpnoticias.com.ar\/index.php?rest_route=\/wp\/v2\/types\/post"}],"author":[{"embeddable":true,"href":"https:\/\/hdpnoticias.com.ar\/index.php?rest_route=\/wp\/v2\/users\/1"}],"replies":[{"embeddable":true,"href":"https:\/\/hdpnoticias.com.ar\/index.php?rest_route=%2Fwp%2Fv2%2Fcomments&post=11557"}],"version-history":[{"count":1,"href":"https:\/\/hdpnoticias.com.ar\/index.php?rest_route=\/wp\/v2\/posts\/11557\/revisions"}],"predecessor-version":[{"id":11559,"href":"https:\/\/hdpnoticias.com.ar\/index.php?rest_route=\/wp\/v2\/posts\/11557\/revisions\/11559"}],"wp:featuredmedia":[{"embeddable":true,"href":"https:\/\/hdpnoticias.com.ar\/index.php?rest_route=\/wp\/v2\/media\/11558"}],"wp:attachment":[{"href":"https:\/\/hdpnoticias.com.ar\/index.php?rest_route=%2Fwp%2Fv2%2Fmedia&parent=11557"}],"wp:term":[{"taxonomy":"category","embeddable":true,"href":"https:\/\/hdpnoticias.com.ar\/index.php?rest_route=%2Fwp%2Fv2%2Fcategories&post=11557"},{"taxonomy":"post_tag","embeddable":true,"href":"https:\/\/hdpnoticias.com.ar\/index.php?rest_route=%2Fwp%2Fv2%2Ftags&post=11557"}],"curies":[{"name":"wp","href":"https:\/\/api.w.org\/{rel}","templated":true}]}}