{"id":11554,"date":"2025-07-03T19:45:03","date_gmt":"2025-07-03T22:45:03","guid":{"rendered":"https:\/\/hdpnoticias.com.ar\/?p=11554"},"modified":"2025-08-04T08:02:17","modified_gmt":"2025-08-04T11:02:17","slug":"capi-rodriguez-escucharon-que-sere-candidato-y-se-cagaron-en-las-patas","status":"publish","type":"post","link":"https:\/\/hdpnoticias.com.ar\/?p=11554","title":{"rendered":"Capi Rodr\u00edguez: Escucharon que ser\u00e9 candidato y se cagaron en las patas"},"content":{"rendered":"\n<figure class=\"wp-block-image size-full\"><img loading=\"lazy\" decoding=\"async\" width=\"720\" height=\"90\" src=\"http:\/\/hdpnoticias.com.ar\/wp-content\/uploads\/2024\/05\/Copy-of-720x90-1.gif\" alt=\"\" class=\"wp-image-6806\"\/><\/figure>\n\n\n\n<p>El delegado regional de Anses: Alfredo \u201cCapi\u201d Rodr\u00edguez, denunci\u00f3 que es blando de una hartera operaci\u00f3n pol\u00edtica y de prensa que sospecha que fue gestada desde el peronismo y el kirchnerismo, vinculados al trigobernador Jorge Capitanich.<\/p>\n\n\n\n<p>As\u00ed interpret\u00f3 el inter\u00e9s de ciertos sectores pol\u00edticos y period\u00edsticos que \u201cintentan instalar un chisme\u201d, como defini\u00f3 a la investigaci\u00f3n sobre presuntas afiliaciones falsas con las que se habr\u00eda constituido La Libertad Avanza en la provincia, que trascendi\u00f3 que est\u00e1 llevando adelante el fiscal federal Patricio Sabadini, o el pedido de \u201ccoimas\u201d a modo de \u201ccontribuci\u00f3n\u201d a los empleados del organismo que dirige. \u201cEso no existe, es una mentira. Yo a\u00fan no fui notificado de nada\u201d, remarc\u00f3.<\/p>\n\n\n\n<p>Para \u00e9l, todo se explica en un inter\u00e9s pol\u00edtico ante la proximidad de las elecciones legislativas nacionales del 16 de octubre, en la que se menciona que pod\u00eda ocupar un lugar en las listas por un acuerdo entre la UCR y LLA en Chaco.<\/p>\n\n\n\n<p>\u201cSi me quieren investigar, que me investiguen, no me van a encontrar nada, porque lo \u00fanico que hice toda mi vida fue trabajar en favor de la sociedad\u201d, analiz\u00f3, y dijo entender que \u201cquieren destruir con chismes todo esto\u201d.<\/p>\n\n\n\n<p>Rodr\u00edguez cont\u00f3 que en una reciente reuni\u00f3n que mantuvo con las m\u00e1ximas autoridades de LLA en el pa\u00eds, entre ellas la titular partidaria Karina Milei, discutieron sobre su posible candidatura a senador por el Chaco. \u201cEs lo que se dice, eso lo va a definir la Casa Rosada\u201d, dijo.<\/p>\n\n\n\n<p>Y agreg\u00f3 que esto tambi\u00e9n moviliza reacciones en su contra: \u201cEscucharon que puedo ser candidato y est\u00e1n cagados en las patas\u201d, grafic\u00f3, en obvia alusi\u00f3n a la disputa que sostendr\u00eda en ese caso con Capitanich, que a pesar de haber sido elegido diputado provincial, tambi\u00e9n se perfila como candidato a senador en octubre.<\/p>\n","protected":false},"excerpt":{"rendered":"<p>El delegado regional de Anses: Alfredo \u201cCapi\u201d Rodr\u00edguez, denunci\u00f3 que es blando de una hartera operaci\u00f3n pol\u00edtica y de prensa que sospecha que fue gestada desde el peronismo y el kirchnerismo, vinculados al trigobernador Jorge Capitanich. As\u00ed interpret\u00f3 el inter\u00e9s de ciertos sectores pol\u00edticos y period\u00edsticos que \u201cintentan instalar un chisme\u201d, como defini\u00f3 a la [&hellip;]<\/p>\n","protected":false},"author":1,"featured_media":11555,"comment_status":"open","ping_status":"open","sticky":false,"template":"","format":"standard","meta":{"footnotes":""},"categories":[27],"tags":[3332,4027,29,37,3814,35,4684,1319,1337,3600,1399],"class_list":["post-11554","post","type-post","status-publish","format-standard","has-post-thumbnail","hentry","category-politica","tag-anses","tag-capi","tag-capitanich","tag-chaco","tag-karina","tag-kirchnerismo","tag-lla","tag-milei","tag-peronismo","tag-rodriguez","tag-senador"],"_links":{"self":[{"href":"https:\/\/hdpnoticias.com.ar\/index.php?rest_route=\/wp\/v2\/posts\/11554","targetHints":{"allow":["GET"]}}],"collection":[{"href":"https:\/\/hdpnoticias.com.ar\/index.php?rest_route=\/wp\/v2\/posts"}],"about":[{"href":"https:\/\/hdpnoticias.com.ar\/index.php?rest_route=\/wp\/v2\/types\/post"}],"author":[{"embeddable":true,"href":"https:\/\/hdpnoticias.com.ar\/index.php?rest_route=\/wp\/v2\/users\/1"}],"replies":[{"embeddable":true,"href":"https:\/\/hdpnoticias.com.ar\/index.php?rest_route=%2Fwp%2Fv2%2Fcomments&post=11554"}],"version-history":[{"count":1,"href":"https:\/\/hdpnoticias.com.ar\/index.php?rest_route=\/wp\/v2\/posts\/11554\/revisions"}],"predecessor-version":[{"id":11556,"href":"https:\/\/hdpnoticias.com.ar\/index.php?rest_route=\/wp\/v2\/posts\/11554\/revisions\/11556"}],"wp:featuredmedia":[{"embeddable":true,"href":"https:\/\/hdpnoticias.com.ar\/index.php?rest_route=\/wp\/v2\/media\/11555"}],"wp:attachment":[{"href":"https:\/\/hdpnoticias.com.ar\/index.php?rest_route=%2Fwp%2Fv2%2Fmedia&parent=11554"}],"wp:term":[{"taxonomy":"category","embeddable":true,"href":"https:\/\/hdpnoticias.com.ar\/index.php?rest_route=%2Fwp%2Fv2%2Fcategories&post=11554"},{"taxonomy":"post_tag","embeddable":true,"href":"https:\/\/hdpnoticias.com.ar\/index.php?rest_route=%2Fwp%2Fv2%2Ftags&post=11554"}],"curies":[{"name":"wp","href":"https:\/\/api.w.org\/{rel}","templated":true}]}}