{"id":11511,"date":"2025-06-28T23:16:00","date_gmt":"2025-06-29T02:16:00","guid":{"rendered":"https:\/\/hdpnoticias.com.ar\/?p=11511"},"modified":"2025-06-29T21:33:09","modified_gmt":"2025-06-30T00:33:09","slug":"un-arado-en-plena-ruta-de-noche-casi-provoca-una-tragedia","status":"publish","type":"post","link":"https:\/\/hdpnoticias.com.ar\/?p=11511","title":{"rendered":"Un arado en plena ruta de noche casi provoca una tragedia"},"content":{"rendered":"\n<figure class=\"wp-block-image size-full\"><img loading=\"lazy\" decoding=\"async\" width=\"720\" height=\"90\" src=\"http:\/\/hdpnoticias.com.ar\/wp-content\/uploads\/2024\/05\/Copy-of-720x90-1.gif\" alt=\"\" class=\"wp-image-6806\"\/><\/figure>\n\n\n\n<p>La noche de este s\u00e1bado la ruta provincial 6 fue escenario de otro brutal accidente de tr\u00e1nsito: minutos despu\u00e9s de las 20, un Ford Ka impact\u00f3 desde atr\u00e1s una rastra de discos que era remolcada por un tractor Pauny, a 5 kil\u00f3metros de San Bernardo, en direcci\u00f3n hacia Villa Berthet.<\/p>\n\n\n\n<p>El arado arrastrado a baja velocidad sobre la cinta asf\u00e1ltica, sin luces, m\u00e1s el ancho de la trocha que exced\u00eda al carril y dificultaba el sobrepaso, al parecer sorprendi\u00f3 al conductor del autom\u00f3vil, de 48 a\u00f1os, que viajaba con su esposa de 43, su hija de 18, y sus hijos de 13 y 10. Las 2 mujeres resultaron lesionadas.<\/p>\n\n\n\n<p>Producto del impacto, el autom\u00f3vil termin\u00f3 completamente arruinado y perdi\u00f3 parte de su carrocer\u00eda.<\/p>\n\n\n\n<p>El tr\u00e1nsito de maquinaria e implementos agr\u00edcolas sobre las rutas est\u00e1 prohibido, y el transporte de los mismos en carretones debe realizarse de d\u00eda, como medida de prevenci\u00f3n de accidentes de este tipo.<\/p>\n","protected":false},"excerpt":{"rendered":"<p>La noche de este s\u00e1bado la ruta provincial 6 fue escenario de otro brutal accidente de tr\u00e1nsito: minutos despu\u00e9s de las 20, un Ford Ka impact\u00f3 desde atr\u00e1s una rastra de discos que era remolcada por un tractor Pauny, a 5 kil\u00f3metros de San Bernardo, en direcci\u00f3n hacia Villa Berthet. El arado arrastrado a baja [&hellip;]<\/p>\n","protected":false},"author":1,"featured_media":11512,"comment_status":"open","ping_status":"open","sticky":false,"template":"","format":"standard","meta":{"footnotes":""},"categories":[26],"tags":[5031,624,1806,941,5030,1478,341,2812,100,1414],"class_list":["post-11511","post","type-post","status-publish","format-standard","has-post-thumbnail","hentry","category-policiales","tag-arado","tag-ford","tag-ka","tag-machagai","tag-pauny","tag-ruta-6","tag-san-bernardo","tag-tractor","tag-tragedia","tag-villa-berthet"],"_links":{"self":[{"href":"https:\/\/hdpnoticias.com.ar\/index.php?rest_route=\/wp\/v2\/posts\/11511","targetHints":{"allow":["GET"]}}],"collection":[{"href":"https:\/\/hdpnoticias.com.ar\/index.php?rest_route=\/wp\/v2\/posts"}],"about":[{"href":"https:\/\/hdpnoticias.com.ar\/index.php?rest_route=\/wp\/v2\/types\/post"}],"author":[{"embeddable":true,"href":"https:\/\/hdpnoticias.com.ar\/index.php?rest_route=\/wp\/v2\/users\/1"}],"replies":[{"embeddable":true,"href":"https:\/\/hdpnoticias.com.ar\/index.php?rest_route=%2Fwp%2Fv2%2Fcomments&post=11511"}],"version-history":[{"count":1,"href":"https:\/\/hdpnoticias.com.ar\/index.php?rest_route=\/wp\/v2\/posts\/11511\/revisions"}],"predecessor-version":[{"id":11513,"href":"https:\/\/hdpnoticias.com.ar\/index.php?rest_route=\/wp\/v2\/posts\/11511\/revisions\/11513"}],"wp:featuredmedia":[{"embeddable":true,"href":"https:\/\/hdpnoticias.com.ar\/index.php?rest_route=\/wp\/v2\/media\/11512"}],"wp:attachment":[{"href":"https:\/\/hdpnoticias.com.ar\/index.php?rest_route=%2Fwp%2Fv2%2Fmedia&parent=11511"}],"wp:term":[{"taxonomy":"category","embeddable":true,"href":"https:\/\/hdpnoticias.com.ar\/index.php?rest_route=%2Fwp%2Fv2%2Fcategories&post=11511"},{"taxonomy":"post_tag","embeddable":true,"href":"https:\/\/hdpnoticias.com.ar\/index.php?rest_route=%2Fwp%2Fv2%2Ftags&post=11511"}],"curies":[{"name":"wp","href":"https:\/\/api.w.org\/{rel}","templated":true}]}}