{"id":11471,"date":"2025-06-24T15:36:49","date_gmt":"2025-06-24T18:36:49","guid":{"rendered":"https:\/\/hdpnoticias.com.ar\/?p=11471"},"modified":"2025-06-24T15:36:52","modified_gmt":"2025-06-24T18:36:52","slug":"el-empresario-correntino-federico-cheme-y-2-chaquenos-detenidos-por-narcotrafico","status":"publish","type":"post","link":"https:\/\/hdpnoticias.com.ar\/?p=11471","title":{"rendered":"El empresario correntino Federico Cheme y 2 chaque\u00f1os detenidos por narcotr\u00e1fico"},"content":{"rendered":"\n<figure class=\"wp-block-image size-full\"><img loading=\"lazy\" decoding=\"async\" width=\"720\" height=\"90\" src=\"http:\/\/hdpnoticias.com.ar\/wp-content\/uploads\/2024\/05\/Obras-Publicas.gif\" alt=\"\" class=\"wp-image-6818\"\/><\/figure>\n\n\n\n<p>Minutos antes de la medianoche del lunes, efectivos de la Divisi\u00f3n Drogas Peligrosas de la Polic\u00eda de Corrientes detuvo al reconocido empresario gastron\u00f3mico y del espect\u00e1culo Federico Cheme, en el marco de una causa en la que se investiga a una organizaci\u00f3n dedicada a la comercializaci\u00f3n de estupefacientes.<\/p>\n\n\n\n<p>El procedimiento tuvo lugar en la intersecci\u00f3n de las calles Larrea y Susini, del barrio Laguna Seca, en la capital correntina.<\/p>\n\n\n\n<p>Cheme, de 50 a\u00f1os, fue atrapado a bordo de una Honda HR-V blanca, junto a otro hombre de 51. En la misma escena tambi\u00e9n fueron detenidos un hombre de 41 a\u00f1os y una mujer de 39 domiciliados en el barrio Villa R\u00edo Negro, de Resistencia, a bordo de un Toyota Etios, que ten\u00edan consigo a su peque\u00f1a hija de 4 a\u00f1os.<\/p>\n\n\n\n<p>En el veh\u00edculo del empresario los polic\u00edas encontraron 2 kilos de coca\u00edna.<\/p>\n\n\n\n<p>Los detenidos, ambos rodados, la droga, dinero, tel\u00e9fonos celulares y otros elementos secuestrados, fueron puestos a disposici\u00f3n de la Justicia Federal de Corrientes.<\/p>\n","protected":false},"excerpt":{"rendered":"<p>Minutos antes de la medianoche del lunes, efectivos de la Divisi\u00f3n Drogas Peligrosas de la Polic\u00eda de Corrientes detuvo al reconocido empresario gastron\u00f3mico y del espect\u00e1culo Federico Cheme, en el marco de una causa en la que se investiga a una organizaci\u00f3n dedicada a la comercializaci\u00f3n de estupefacientes. El procedimiento tuvo lugar en la intersecci\u00f3n [&hellip;]<\/p>\n","protected":false},"author":1,"featured_media":11472,"comment_status":"open","ping_status":"open","sticky":false,"template":"","format":"standard","meta":{"footnotes":""},"categories":[26],"tags":[422,5013,123,5012,169,493,445,5011,390],"class_list":["post-11471","post","type-post","status-publish","format-standard","has-post-thumbnail","hentry","category-policiales","tag-chaquenos","tag-cheme","tag-cocaina","tag-correntino","tag-corrientes","tag-drogas","tag-honda","tag-nacotrafico","tag-toyota"],"_links":{"self":[{"href":"https:\/\/hdpnoticias.com.ar\/index.php?rest_route=\/wp\/v2\/posts\/11471","targetHints":{"allow":["GET"]}}],"collection":[{"href":"https:\/\/hdpnoticias.com.ar\/index.php?rest_route=\/wp\/v2\/posts"}],"about":[{"href":"https:\/\/hdpnoticias.com.ar\/index.php?rest_route=\/wp\/v2\/types\/post"}],"author":[{"embeddable":true,"href":"https:\/\/hdpnoticias.com.ar\/index.php?rest_route=\/wp\/v2\/users\/1"}],"replies":[{"embeddable":true,"href":"https:\/\/hdpnoticias.com.ar\/index.php?rest_route=%2Fwp%2Fv2%2Fcomments&post=11471"}],"version-history":[{"count":1,"href":"https:\/\/hdpnoticias.com.ar\/index.php?rest_route=\/wp\/v2\/posts\/11471\/revisions"}],"predecessor-version":[{"id":11473,"href":"https:\/\/hdpnoticias.com.ar\/index.php?rest_route=\/wp\/v2\/posts\/11471\/revisions\/11473"}],"wp:featuredmedia":[{"embeddable":true,"href":"https:\/\/hdpnoticias.com.ar\/index.php?rest_route=\/wp\/v2\/media\/11472"}],"wp:attachment":[{"href":"https:\/\/hdpnoticias.com.ar\/index.php?rest_route=%2Fwp%2Fv2%2Fmedia&parent=11471"}],"wp:term":[{"taxonomy":"category","embeddable":true,"href":"https:\/\/hdpnoticias.com.ar\/index.php?rest_route=%2Fwp%2Fv2%2Fcategories&post=11471"},{"taxonomy":"post_tag","embeddable":true,"href":"https:\/\/hdpnoticias.com.ar\/index.php?rest_route=%2Fwp%2Fv2%2Ftags&post=11471"}],"curies":[{"name":"wp","href":"https:\/\/api.w.org\/{rel}","templated":true}]}}