{"id":11458,"date":"2025-06-22T22:50:09","date_gmt":"2025-06-23T01:50:09","guid":{"rendered":"https:\/\/hdpnoticias.com.ar\/?p=11458"},"modified":"2025-06-22T22:50:11","modified_gmt":"2025-06-23T01:50:11","slug":"ahora-si-se-espera-la-primera-helada-del-ano","status":"publish","type":"post","link":"https:\/\/hdpnoticias.com.ar\/?p=11458","title":{"rendered":"Ahora s\u00ed: se espera la primera helada del a\u00f1o"},"content":{"rendered":"\n<figure class=\"wp-block-image size-full\"><img loading=\"lazy\" decoding=\"async\" width=\"728\" height=\"90\" src=\"http:\/\/hdpnoticias.com.ar\/wp-content\/uploads\/2024\/05\/Nachec.gif\" alt=\"\" class=\"wp-image-6814\"\/><\/figure>\n\n\n\n<p>Con la llegada del invierno, el Servicio Meteorol\u00f3gico Nacional pronostica para esta semana las temperaturas m\u00e1s bajas de la temporada para el Gran Resistencia y algunos puntos del interior.<\/p>\n\n\n\n<p>Sobre el fin de semana, desde su perspectiva, los pronosticadores ve\u00edan temperaturas apenas por debajo de los 10\u00b0C, pero el panorama cambi\u00f3 y se cree que el martes el registro podr\u00eda llegar a 0\u00b0, marcando la primera helada del a\u00f1o, con la m\u00e1xima cayendo hasta los 10.<\/p>\n\n\n\n<p>Ambos extremos ir\u00e1n subiendo durante la semana pero con las m\u00ednimas en un d\u00edgito y la m\u00e1xima por debajo de los 20\u00b0.<\/p>\n\n\n\n<p>Al margen del fr\u00edo, las expectativas est\u00e1n puestas en el cese de las lluvias y lloviznas que se dieron durante toda la semana. Esto suceder\u00eda a partir de este lunes, con cielo parcialmente nublado y el sol asomando con algunos rayos durante la tarde.<\/p>\n","protected":false},"excerpt":{"rendered":"<p>Con la llegada del invierno, el Servicio Meteorol\u00f3gico Nacional pronostica para esta semana las temperaturas m\u00e1s bajas de la temporada para el Gran Resistencia y algunos puntos del interior. Sobre el fin de semana, desde su perspectiva, los pronosticadores ve\u00edan temperaturas apenas por debajo de los 10\u00b0C, pero el panorama cambi\u00f3 y se cree que [&hellip;]<\/p>\n","protected":false},"author":1,"featured_media":11459,"comment_status":"open","ping_status":"open","sticky":false,"template":"","format":"standard","meta":{"footnotes":""},"categories":[6],"tags":[37,3976,4057,2534,1643,49,4546,2536],"class_list":["post-11458","post","type-post","status-publish","format-standard","has-post-thumbnail","hentry","category-info-general","tag-chaco","tag-frio","tag-helada","tag-invierno","tag-llovizna","tag-resistencia","tag-smn","tag-temperatura"],"_links":{"self":[{"href":"https:\/\/hdpnoticias.com.ar\/index.php?rest_route=\/wp\/v2\/posts\/11458","targetHints":{"allow":["GET"]}}],"collection":[{"href":"https:\/\/hdpnoticias.com.ar\/index.php?rest_route=\/wp\/v2\/posts"}],"about":[{"href":"https:\/\/hdpnoticias.com.ar\/index.php?rest_route=\/wp\/v2\/types\/post"}],"author":[{"embeddable":true,"href":"https:\/\/hdpnoticias.com.ar\/index.php?rest_route=\/wp\/v2\/users\/1"}],"replies":[{"embeddable":true,"href":"https:\/\/hdpnoticias.com.ar\/index.php?rest_route=%2Fwp%2Fv2%2Fcomments&post=11458"}],"version-history":[{"count":1,"href":"https:\/\/hdpnoticias.com.ar\/index.php?rest_route=\/wp\/v2\/posts\/11458\/revisions"}],"predecessor-version":[{"id":11460,"href":"https:\/\/hdpnoticias.com.ar\/index.php?rest_route=\/wp\/v2\/posts\/11458\/revisions\/11460"}],"wp:featuredmedia":[{"embeddable":true,"href":"https:\/\/hdpnoticias.com.ar\/index.php?rest_route=\/wp\/v2\/media\/11459"}],"wp:attachment":[{"href":"https:\/\/hdpnoticias.com.ar\/index.php?rest_route=%2Fwp%2Fv2%2Fmedia&parent=11458"}],"wp:term":[{"taxonomy":"category","embeddable":true,"href":"https:\/\/hdpnoticias.com.ar\/index.php?rest_route=%2Fwp%2Fv2%2Fcategories&post=11458"},{"taxonomy":"post_tag","embeddable":true,"href":"https:\/\/hdpnoticias.com.ar\/index.php?rest_route=%2Fwp%2Fv2%2Ftags&post=11458"}],"curies":[{"name":"wp","href":"https:\/\/api.w.org\/{rel}","templated":true}]}}