{"id":11448,"date":"2025-06-20T20:01:31","date_gmt":"2025-06-20T23:01:31","guid":{"rendered":"https:\/\/hdpnoticias.com.ar\/?p=11448"},"modified":"2025-06-20T20:01:35","modified_gmt":"2025-06-20T23:01:35","slug":"el-invierno-llega-con-algo-de-sol-y-frio","status":"publish","type":"post","link":"https:\/\/hdpnoticias.com.ar\/?p=11448","title":{"rendered":"El invierno llega con algo de sol y fr\u00edo"},"content":{"rendered":"\n<figure class=\"wp-block-image size-full\"><img loading=\"lazy\" decoding=\"async\" width=\"728\" height=\"90\" src=\"http:\/\/hdpnoticias.com.ar\/wp-content\/uploads\/2024\/05\/Nachec.gif\" alt=\"\" class=\"wp-image-6814\"\/><\/figure>\n\n\n\n<p>Aunque este a\u00f1o el oto\u00f1o se present\u00f3 algo at\u00edpico, se despide, seg\u00fan vaticina el Servicio Meteorol\u00f3gico Nacional, con un clima muy caracter\u00edstico de la estaci\u00f3n: fr\u00edo y con una semana completa de lluvias y lloviznas.<\/p>\n\n\n\n<p>Este s\u00e1bado comienza el invierno con el cese de las precipitaciones y algo de sol como los cambios m\u00e1s notables. Mientras la temperatura seguir\u00e1, al menos por el fin de semana, entre 10 y 20\u00b0C.<\/p>\n\n\n\n<p>La semana comenzar\u00e1 con sol a pleno, y un descenso de temperatura con m\u00ednima de 8\u00b0 el lunes y 4 el martes, y m\u00e1xima todav\u00eda en torno a los 15\u00b0C.<\/p>\n\n\n\n<p>El panorama ser\u00e1 muy similar en toda la provincia.<\/p>\n\n\n\n<p><\/p>\n","protected":false},"excerpt":{"rendered":"<p>Aunque este a\u00f1o el oto\u00f1o se present\u00f3 algo at\u00edpico, se despide, seg\u00fan vaticina el Servicio Meteorol\u00f3gico Nacional, con un clima muy caracter\u00edstico de la estaci\u00f3n: fr\u00edo y con una semana completa de lluvias y lloviznas. Este s\u00e1bado comienza el invierno con el cese de las precipitaciones y algo de sol como los cambios m\u00e1s notables. [&hellip;]<\/p>\n","protected":false},"author":1,"featured_media":7593,"comment_status":"open","ping_status":"open","sticky":false,"template":"","format":"standard","meta":{"footnotes":""},"categories":[6],"tags":[37,3267,3976,1188,2534,1643,5007,1459,2536],"class_list":["post-11448","post","type-post","status-publish","format-standard","has-post-thumbnail","hentry","category-info-general","tag-chaco","tag-clima","tag-frio","tag-gran-resistencia","tag-invierno","tag-llovizna","tag-otono","tag-sol","tag-temperatura"],"_links":{"self":[{"href":"https:\/\/hdpnoticias.com.ar\/index.php?rest_route=\/wp\/v2\/posts\/11448","targetHints":{"allow":["GET"]}}],"collection":[{"href":"https:\/\/hdpnoticias.com.ar\/index.php?rest_route=\/wp\/v2\/posts"}],"about":[{"href":"https:\/\/hdpnoticias.com.ar\/index.php?rest_route=\/wp\/v2\/types\/post"}],"author":[{"embeddable":true,"href":"https:\/\/hdpnoticias.com.ar\/index.php?rest_route=\/wp\/v2\/users\/1"}],"replies":[{"embeddable":true,"href":"https:\/\/hdpnoticias.com.ar\/index.php?rest_route=%2Fwp%2Fv2%2Fcomments&post=11448"}],"version-history":[{"count":1,"href":"https:\/\/hdpnoticias.com.ar\/index.php?rest_route=\/wp\/v2\/posts\/11448\/revisions"}],"predecessor-version":[{"id":11449,"href":"https:\/\/hdpnoticias.com.ar\/index.php?rest_route=\/wp\/v2\/posts\/11448\/revisions\/11449"}],"wp:featuredmedia":[{"embeddable":true,"href":"https:\/\/hdpnoticias.com.ar\/index.php?rest_route=\/wp\/v2\/media\/7593"}],"wp:attachment":[{"href":"https:\/\/hdpnoticias.com.ar\/index.php?rest_route=%2Fwp%2Fv2%2Fmedia&parent=11448"}],"wp:term":[{"taxonomy":"category","embeddable":true,"href":"https:\/\/hdpnoticias.com.ar\/index.php?rest_route=%2Fwp%2Fv2%2Fcategories&post=11448"},{"taxonomy":"post_tag","embeddable":true,"href":"https:\/\/hdpnoticias.com.ar\/index.php?rest_route=%2Fwp%2Fv2%2Ftags&post=11448"}],"curies":[{"name":"wp","href":"https:\/\/api.w.org\/{rel}","templated":true}]}}