{"id":11408,"date":"2025-06-12T14:05:00","date_gmt":"2025-06-12T17:05:00","guid":{"rendered":"https:\/\/hdpnoticias.com.ar\/?p=11408"},"modified":"2025-06-12T22:32:04","modified_gmt":"2025-06-13T01:32:04","slug":"un-muerto-y-un-herido-en-pelea-a-tiros-y-machetazos-en-el-espinillo","status":"publish","type":"post","link":"https:\/\/hdpnoticias.com.ar\/?p=11408","title":{"rendered":"Un muerto y un herido en pelea a tiros y machetazos en El Espinillo"},"content":{"rendered":"\n<figure class=\"wp-block-image size-full\"><img loading=\"lazy\" decoding=\"async\" width=\"720\" height=\"90\" src=\"http:\/\/hdpnoticias.com.ar\/wp-content\/uploads\/2024\/05\/Obras-Publicas.gif\" alt=\"\" class=\"wp-image-6818\"\/><\/figure>\n\n\n\n<p>La tarde del mi\u00e9rcoles un llamado alert\u00f3 a la Polic\u00eda sobre el enfrentamiento de 2 hombres a machetazos y disparos de arma de fuego en el paraje Los Manantiales, en la zona sural de El Espinillo.<\/p>\n\n\n\n<p>Cuando arrib\u00f3 una comisi\u00f3n de la comisar\u00eda local, encontr\u00f3 a uno de los contendientes muerto. Fue identificado como Agust\u00edn Caro, de 64 a\u00f1os, que presentaba heridas de arma blanca y de fuego.<\/p>\n\n\n\n<p>Los testigos identificaron al agresor como Carlos Montes, que se dio a la fuga.<\/p>\n\n\n\n<p>El caso fue reportado al fiscal en turno que dispuso la intervenci\u00f3n de peritos judiciales y de la Polic\u00eda, que recogieron en el lugar un machete de 40 cent\u00edmetros y un cartucho de escopeta.<\/p>\n\n\n\n<p>Tras una intensa b\u00fasqueda, Montes, de 60 a\u00f1os, fue detenido la madrugada de este jueves en la casa de un familiar, en el paraje Tres Pozos. Presentaba heridas cortantes en la cabeza y en un brazo, por lo que fue trasladado al hospital del Bicentenario, de Juan Jos\u00e9 Castelli, para su atenci\u00f3n.<\/p>\n\n\n\n<p>Al momento de su detenci\u00f3n, ten\u00eda consigo un machete y una escopeta con una vaina servida. Las armas y varias prendas de vestir ensangrentadas fueron secuestradas.<\/p>\n","protected":false},"excerpt":{"rendered":"<p>La tarde del mi\u00e9rcoles un llamado alert\u00f3 a la Polic\u00eda sobre el enfrentamiento de 2 hombres a machetazos y disparos de arma de fuego en el paraje Los Manantiales, en la zona sural de El Espinillo. Cuando arrib\u00f3 una comisi\u00f3n de la comisar\u00eda local, encontr\u00f3 a uno de los contendientes muerto. Fue identificado como Agust\u00edn [&hellip;]<\/p>\n","protected":false},"author":1,"featured_media":11409,"comment_status":"open","ping_status":"open","sticky":false,"template":"","format":"standard","meta":{"footnotes":""},"categories":[26],"tags":[841,4399,612,283,1526],"class_list":["post-11408","post","type-post","status-publish","format-standard","has-post-thumbnail","hentry","category-policiales","tag-detenido","tag-el-espinillo","tag-escopeta","tag-homicidio","tag-machete"],"_links":{"self":[{"href":"https:\/\/hdpnoticias.com.ar\/index.php?rest_route=\/wp\/v2\/posts\/11408","targetHints":{"allow":["GET"]}}],"collection":[{"href":"https:\/\/hdpnoticias.com.ar\/index.php?rest_route=\/wp\/v2\/posts"}],"about":[{"href":"https:\/\/hdpnoticias.com.ar\/index.php?rest_route=\/wp\/v2\/types\/post"}],"author":[{"embeddable":true,"href":"https:\/\/hdpnoticias.com.ar\/index.php?rest_route=\/wp\/v2\/users\/1"}],"replies":[{"embeddable":true,"href":"https:\/\/hdpnoticias.com.ar\/index.php?rest_route=%2Fwp%2Fv2%2Fcomments&post=11408"}],"version-history":[{"count":1,"href":"https:\/\/hdpnoticias.com.ar\/index.php?rest_route=\/wp\/v2\/posts\/11408\/revisions"}],"predecessor-version":[{"id":11410,"href":"https:\/\/hdpnoticias.com.ar\/index.php?rest_route=\/wp\/v2\/posts\/11408\/revisions\/11410"}],"wp:featuredmedia":[{"embeddable":true,"href":"https:\/\/hdpnoticias.com.ar\/index.php?rest_route=\/wp\/v2\/media\/11409"}],"wp:attachment":[{"href":"https:\/\/hdpnoticias.com.ar\/index.php?rest_route=%2Fwp%2Fv2%2Fmedia&parent=11408"}],"wp:term":[{"taxonomy":"category","embeddable":true,"href":"https:\/\/hdpnoticias.com.ar\/index.php?rest_route=%2Fwp%2Fv2%2Fcategories&post=11408"},{"taxonomy":"post_tag","embeddable":true,"href":"https:\/\/hdpnoticias.com.ar\/index.php?rest_route=%2Fwp%2Fv2%2Ftags&post=11408"}],"curies":[{"name":"wp","href":"https:\/\/api.w.org\/{rel}","templated":true}]}}