{"id":11401,"date":"2025-06-11T21:25:42","date_gmt":"2025-06-12T00:25:42","guid":{"rendered":"https:\/\/hdpnoticias.com.ar\/?p=11401"},"modified":"2025-06-11T21:25:43","modified_gmt":"2025-06-12T00:25:43","slug":"corrupcion-el-coquismo-no-dio-quorum-en-protesta-por-la-condena-a-cristina","status":"publish","type":"post","link":"https:\/\/hdpnoticias.com.ar\/?p=11401","title":{"rendered":"Corrupci\u00f3n: el coquismo no dio qu\u00f3rum en protesta por la condena a Cristina"},"content":{"rendered":"\n<figure class=\"wp-block-image size-full\"><img loading=\"lazy\" decoding=\"async\" width=\"720\" height=\"90\" src=\"http:\/\/hdpnoticias.com.ar\/wp-content\/uploads\/2024\/05\/Obras-Publicas.gif\" alt=\"\" class=\"wp-image-6818\"\/><\/figure>\n\n\n\n<p>El interbloque Chaco Merece M\u00e1s, que responde al exgobernador y diputado provincial electo: Jorge Capitanich, no asisti\u00f3 a la sesi\u00f3n de este mi\u00e9rcoles en la Legislatura, como medida de protesta por la condena por corrupci\u00f3n contra la expresidente Cristina Fern\u00e1ndez ratificada el martes por la Corte Suprema de Justicia de la Naci\u00f3n.<\/p>\n\n\n\n<p>Tras el fallo del m\u00e1ximo tribunal del pa\u00eds, la exmandataria y presidente del Partido Justicialista, tendr\u00e1 que cumplir 6 a\u00f1os de c\u00e1rcel y no podr\u00e1 ocupar cargos p\u00fablicos por el resto de su vida.<\/p>\n\n\n\n<p>Los diputados del PJ, CER, Frente Grande y Partido del Trabajo y el Pueblo, no ingresaron al recinto, en cambio, leyeron un documento en la puerta del edificio legislativo, repudiando la decisi\u00f3n de la Justicia y acusando a la Corte de actuar por intereses pol\u00edticos.<\/p>\n\n\n\n<p>Para ellos, no se trata de un fallo judicial sino de la decisi\u00f3n pol\u00edtica de proscribir a Cristina Fern\u00e1ndez para impedir que el pueblo elija libremente.<\/p>\n\n\n\n<p>Los legisladores del bloque oficialista Juntos por el Cambio, del bloque peronista Primero Chaco y del Nepar, asistieron pero el faltazo opositor impidi\u00f3 el qu\u00f3rum.<\/p>\n","protected":false},"excerpt":{"rendered":"<p>El interbloque Chaco Merece M\u00e1s, que responde al exgobernador y diputado provincial electo: Jorge Capitanich, no asisti\u00f3 a la sesi\u00f3n de este mi\u00e9rcoles en la Legislatura, como medida de protesta por la condena por corrupci\u00f3n contra la expresidente Cristina Fern\u00e1ndez ratificada el martes por la Corte Suprema de Justicia de la Naci\u00f3n. Tras el fallo [&hellip;]<\/p>\n","protected":false},"author":1,"featured_media":11402,"comment_status":"open","ping_status":"open","sticky":false,"template":"","format":"standard","meta":{"footnotes":""},"categories":[27],"tags":[29,37,3915,2244,291,32,453,248],"class_list":["post-11401","post","type-post","status-publish","format-standard","has-post-thumbnail","hentry","category-politica","tag-capitanich","tag-chaco","tag-condena","tag-coquista","tag-corrupcion","tag-corte","tag-cristina","tag-pj"],"_links":{"self":[{"href":"https:\/\/hdpnoticias.com.ar\/index.php?rest_route=\/wp\/v2\/posts\/11401","targetHints":{"allow":["GET"]}}],"collection":[{"href":"https:\/\/hdpnoticias.com.ar\/index.php?rest_route=\/wp\/v2\/posts"}],"about":[{"href":"https:\/\/hdpnoticias.com.ar\/index.php?rest_route=\/wp\/v2\/types\/post"}],"author":[{"embeddable":true,"href":"https:\/\/hdpnoticias.com.ar\/index.php?rest_route=\/wp\/v2\/users\/1"}],"replies":[{"embeddable":true,"href":"https:\/\/hdpnoticias.com.ar\/index.php?rest_route=%2Fwp%2Fv2%2Fcomments&post=11401"}],"version-history":[{"count":1,"href":"https:\/\/hdpnoticias.com.ar\/index.php?rest_route=\/wp\/v2\/posts\/11401\/revisions"}],"predecessor-version":[{"id":11403,"href":"https:\/\/hdpnoticias.com.ar\/index.php?rest_route=\/wp\/v2\/posts\/11401\/revisions\/11403"}],"wp:featuredmedia":[{"embeddable":true,"href":"https:\/\/hdpnoticias.com.ar\/index.php?rest_route=\/wp\/v2\/media\/11402"}],"wp:attachment":[{"href":"https:\/\/hdpnoticias.com.ar\/index.php?rest_route=%2Fwp%2Fv2%2Fmedia&parent=11401"}],"wp:term":[{"taxonomy":"category","embeddable":true,"href":"https:\/\/hdpnoticias.com.ar\/index.php?rest_route=%2Fwp%2Fv2%2Fcategories&post=11401"},{"taxonomy":"post_tag","embeddable":true,"href":"https:\/\/hdpnoticias.com.ar\/index.php?rest_route=%2Fwp%2Fv2%2Ftags&post=11401"}],"curies":[{"name":"wp","href":"https:\/\/api.w.org\/{rel}","templated":true}]}}