{"id":11393,"date":"2025-06-11T08:35:19","date_gmt":"2025-06-11T11:35:19","guid":{"rendered":"https:\/\/hdpnoticias.com.ar\/?p=11393"},"modified":"2025-06-11T08:35:21","modified_gmt":"2025-06-11T11:35:21","slug":"cayo-en-resistencia-un-hombre-buscado-en-las-brenas-desde-2014","status":"publish","type":"post","link":"https:\/\/hdpnoticias.com.ar\/?p=11393","title":{"rendered":"Cay\u00f3 en Resistencia un hombre buscado en Las Bre\u00f1as desde 2014\u00a0\u00a0\u00a0\u00a0\u00a0\u00a0\u00a0\u00a0\u00a0"},"content":{"rendered":"\n<figure class=\"wp-block-image size-full\"><img loading=\"lazy\" decoding=\"async\" width=\"720\" height=\"90\" src=\"http:\/\/hdpnoticias.com.ar\/wp-content\/uploads\/2024\/05\/Copy-of-720x90-1.gif\" alt=\"\" class=\"wp-image-6806\"\/><\/figure>\n\n\n\n<p>La tarde de este martes, efectivos policiales que patrullaban las inmediaciones de la laguna Arg\u00fcello, en Resistencia, fueron alertados sobre la presencia de un sujeto que provocaba desorden en la intersecci\u00f3n de las avenidas V\u00e9lez Sarsfield y Laprida.<\/p>\n\n\n\n<p>En ese lugar interceptaron al individuo en cuesti\u00f3n, de 31 a\u00f1os, domiciliado en Las Bre\u00f1as, y al ser identificado y obtener sobre su situaci\u00f3n en los registros policiales, se supo que ten\u00eda una orden de captura emitida en 2014, tras ser condenado en una causa por la Justicia en Charata.<\/p>\n\n\n\n<p>Su detenci\u00f3n fue notificada a la jueza de ejecuci\u00f3n penal que entiende en la causa y ahora resta su traslado.<\/p>\n","protected":false},"excerpt":{"rendered":"<p>La tarde de este martes, efectivos policiales que patrullaban las inmediaciones de la laguna Arg\u00fcello, en Resistencia, fueron alertados sobre la presencia de un sujeto que provocaba desorden en la intersecci\u00f3n de las avenidas V\u00e9lez Sarsfield y Laprida. En ese lugar interceptaron al individuo en cuesti\u00f3n, de 31 a\u00f1os, domiciliado en Las Bre\u00f1as, y al [&hellip;]<\/p>\n","protected":false},"author":1,"featured_media":11394,"comment_status":"open","ping_status":"open","sticky":false,"template":"","format":"standard","meta":{"footnotes":""},"categories":[26],"tags":[91,841,388,370,49],"class_list":["post-11393","post","type-post","status-publish","format-standard","has-post-thumbnail","hentry","category-policiales","tag-charata","tag-detenido","tag-las-brenas","tag-profugo","tag-resistencia"],"_links":{"self":[{"href":"https:\/\/hdpnoticias.com.ar\/index.php?rest_route=\/wp\/v2\/posts\/11393","targetHints":{"allow":["GET"]}}],"collection":[{"href":"https:\/\/hdpnoticias.com.ar\/index.php?rest_route=\/wp\/v2\/posts"}],"about":[{"href":"https:\/\/hdpnoticias.com.ar\/index.php?rest_route=\/wp\/v2\/types\/post"}],"author":[{"embeddable":true,"href":"https:\/\/hdpnoticias.com.ar\/index.php?rest_route=\/wp\/v2\/users\/1"}],"replies":[{"embeddable":true,"href":"https:\/\/hdpnoticias.com.ar\/index.php?rest_route=%2Fwp%2Fv2%2Fcomments&post=11393"}],"version-history":[{"count":1,"href":"https:\/\/hdpnoticias.com.ar\/index.php?rest_route=\/wp\/v2\/posts\/11393\/revisions"}],"predecessor-version":[{"id":11395,"href":"https:\/\/hdpnoticias.com.ar\/index.php?rest_route=\/wp\/v2\/posts\/11393\/revisions\/11395"}],"wp:featuredmedia":[{"embeddable":true,"href":"https:\/\/hdpnoticias.com.ar\/index.php?rest_route=\/wp\/v2\/media\/11394"}],"wp:attachment":[{"href":"https:\/\/hdpnoticias.com.ar\/index.php?rest_route=%2Fwp%2Fv2%2Fmedia&parent=11393"}],"wp:term":[{"taxonomy":"category","embeddable":true,"href":"https:\/\/hdpnoticias.com.ar\/index.php?rest_route=%2Fwp%2Fv2%2Fcategories&post=11393"},{"taxonomy":"post_tag","embeddable":true,"href":"https:\/\/hdpnoticias.com.ar\/index.php?rest_route=%2Fwp%2Fv2%2Ftags&post=11393"}],"curies":[{"name":"wp","href":"https:\/\/api.w.org\/{rel}","templated":true}]}}