{"id":11385,"date":"2025-06-08T23:44:00","date_gmt":"2025-06-09T02:44:00","guid":{"rendered":"https:\/\/hdpnoticias.com.ar\/?p=11385"},"modified":"2025-06-09T08:25:41","modified_gmt":"2025-06-09T11:25:41","slug":"tragedia-en-la-ruta-95-una-110-y-un-camion-chocaron-en-santa-sylvina","status":"publish","type":"post","link":"https:\/\/hdpnoticias.com.ar\/?p=11385","title":{"rendered":"Tragedia en la ruta 95: una 110 y un cami\u00f3n chocaron en Santa Sylvina"},"content":{"rendered":"\n<p>La noche de este domingo otro siniestro vial se cobr\u00f3 la vida de un motociclista, en el kil\u00f3metro 966 de la ruta nacional 95.<\/p>\n\n\n\n<p>C\u00e9sar Adri\u00e1n Sequeira, de 34 a\u00f1os, de Santa Sylvina, viajaba en su Honda Wave de 110cc. cuando se top\u00f3 con un cami\u00f3n Iveco conducido por un hombre de 47, domiciliado en Villa \u00c1ngela.<\/p>\n\n\n\n<p>Producto de la brutalidad del impacto, el motociclista muri\u00f3 en el acto.<\/p>\n\n\n\n<p>Si bien la primera versi\u00f3n habla de un choque frontal, la mec\u00e1nica y las causas de la tragedia a\u00fan son materia de investigaci\u00f3n. <\/p>\n\n\n\n<p>El camionero fue sometido a un test de alcoholemia que arroj\u00f3 resultado negativo.<\/p>\n\n\n\n<p><strong>Otro motociclista<\/strong><\/p>\n\n\n\n<p>Horas antes, durante la madrugada, <strong><a href=\"https:\/\/hdpnoticias.com.ar\/?p=11380\">otro motociclista, de 18 a\u00f1os, muri\u00f3 en un accidente <\/a><\/strong>similar con un autom\u00f3vil en la ruta 89, en Charata.<\/p>\n\n\n\n<p><\/p>\n","protected":false},"excerpt":{"rendered":"<p>La noche de este domingo otro siniestro vial se cobr\u00f3 la vida de un motociclista, en el kil\u00f3metro 966 de la ruta nacional 95. C\u00e9sar Adri\u00e1n Sequeira, de 34 a\u00f1os, de Santa Sylvina, viajaba en su Honda Wave de 110cc. cuando se top\u00f3 con un cami\u00f3n Iveco conducido por un hombre de 47, domiciliado en [&hellip;]<\/p>\n","protected":false},"author":1,"featured_media":11386,"comment_status":"open","ping_status":"open","sticky":false,"template":"","format":"standard","meta":{"footnotes":""},"categories":[26],"tags":[93,445,340,1688,100,647],"class_list":["post-11385","post","type-post","status-publish","format-standard","has-post-thumbnail","hentry","category-policiales","tag-fatal","tag-honda","tag-iveco","tag-santa-sylvina","tag-tragedia","tag-wave"],"_links":{"self":[{"href":"https:\/\/hdpnoticias.com.ar\/index.php?rest_route=\/wp\/v2\/posts\/11385","targetHints":{"allow":["GET"]}}],"collection":[{"href":"https:\/\/hdpnoticias.com.ar\/index.php?rest_route=\/wp\/v2\/posts"}],"about":[{"href":"https:\/\/hdpnoticias.com.ar\/index.php?rest_route=\/wp\/v2\/types\/post"}],"author":[{"embeddable":true,"href":"https:\/\/hdpnoticias.com.ar\/index.php?rest_route=\/wp\/v2\/users\/1"}],"replies":[{"embeddable":true,"href":"https:\/\/hdpnoticias.com.ar\/index.php?rest_route=%2Fwp%2Fv2%2Fcomments&post=11385"}],"version-history":[{"count":1,"href":"https:\/\/hdpnoticias.com.ar\/index.php?rest_route=\/wp\/v2\/posts\/11385\/revisions"}],"predecessor-version":[{"id":11387,"href":"https:\/\/hdpnoticias.com.ar\/index.php?rest_route=\/wp\/v2\/posts\/11385\/revisions\/11387"}],"wp:featuredmedia":[{"embeddable":true,"href":"https:\/\/hdpnoticias.com.ar\/index.php?rest_route=\/wp\/v2\/media\/11386"}],"wp:attachment":[{"href":"https:\/\/hdpnoticias.com.ar\/index.php?rest_route=%2Fwp%2Fv2%2Fmedia&parent=11385"}],"wp:term":[{"taxonomy":"category","embeddable":true,"href":"https:\/\/hdpnoticias.com.ar\/index.php?rest_route=%2Fwp%2Fv2%2Fcategories&post=11385"},{"taxonomy":"post_tag","embeddable":true,"href":"https:\/\/hdpnoticias.com.ar\/index.php?rest_route=%2Fwp%2Fv2%2Ftags&post=11385"}],"curies":[{"name":"wp","href":"https:\/\/api.w.org\/{rel}","templated":true}]}}